{"id":9872,"count":1,"description":"","link":"https:\/\/regulastaempfli.eu\/?tag=naechte-der-philosophie-mit-regula-staempfli-im-cafe-korb","name":"N\u00e4chte der Philosophie mit Regula St\u00e4mpfli im Caf\u00e9 Korb","slug":"naechte-der-philosophie-mit-regula-staempfli-im-cafe-korb","taxonomy":"post_tag","meta":[],"_links":{"self":[{"href":"https:\/\/regulastaempfli.eu\/index.php?rest_route=\/wp\/v2\/tags\/9872","targetHints":{"allow":["GET"]}}],"collection":[{"href":"https:\/\/regulastaempfli.eu\/index.php?rest_route=\/wp\/v2\/tags"}],"about":[{"href":"https:\/\/regulastaempfli.eu\/index.php?rest_route=\/wp\/v2\/taxonomies\/post_tag"}],"wp:post_type":[{"href":"https:\/\/regulastaempfli.eu\/index.php?rest_route=%2Fwp%2Fv2%2Fposts&tags=9872"}],"curies":[{"name":"wp","href":"https:\/\/api.w.org\/{rel}","templated":true}]}}