{"id":7901,"count":1,"description":"","link":"https:\/\/regulastaempfli.eu\/?tag=regula-staempfli-ueber-ranking-intellektuelle-cicero-maennerquote-regiert","name":"Regula St\u00e4mpfli \u00fcber #Ranking #Intellektuelle #Cicero: M\u00c4NNERQUOTE REGIERT.","slug":"regula-staempfli-ueber-ranking-intellektuelle-cicero-maennerquote-regiert","taxonomy":"post_tag","meta":[],"_links":{"self":[{"href":"https:\/\/regulastaempfli.eu\/index.php?rest_route=\/wp\/v2\/tags\/7901","targetHints":{"allow":["GET"]}}],"collection":[{"href":"https:\/\/regulastaempfli.eu\/index.php?rest_route=\/wp\/v2\/tags"}],"about":[{"href":"https:\/\/regulastaempfli.eu\/index.php?rest_route=\/wp\/v2\/taxonomies\/post_tag"}],"wp:post_type":[{"href":"https:\/\/regulastaempfli.eu\/index.php?rest_route=%2Fwp%2Fv2%2Fposts&tags=7901"}],"curies":[{"name":"wp","href":"https:\/\/api.w.org\/{rel}","templated":true}]}}