{"id":5691,"count":1,"description":"","link":"https:\/\/regulastaempfli.eu\/?tag=wie-ueber-sie-geredet-wird-seit-einigen-jahren-uebertreffen-sich-prominente-maenner-darin","name":"wie \u00fcber sie geredet wird. Seit einigen Jahren \u00fcbertreffen sich prominente M\u00e4nner darin","slug":"wie-ueber-sie-geredet-wird-seit-einigen-jahren-uebertreffen-sich-prominente-maenner-darin","taxonomy":"post_tag","meta":[],"_links":{"self":[{"href":"https:\/\/regulastaempfli.eu\/index.php?rest_route=\/wp\/v2\/tags\/5691","targetHints":{"allow":["GET"]}}],"collection":[{"href":"https:\/\/regulastaempfli.eu\/index.php?rest_route=\/wp\/v2\/tags"}],"about":[{"href":"https:\/\/regulastaempfli.eu\/index.php?rest_route=\/wp\/v2\/taxonomies\/post_tag"}],"wp:post_type":[{"href":"https:\/\/regulastaempfli.eu\/index.php?rest_route=%2Fwp%2Fv2%2Fposts&tags=5691"}],"curies":[{"name":"wp","href":"https:\/\/api.w.org\/{rel}","templated":true}]}}