{"id":5263,"count":1,"description":"","link":"https:\/\/regulastaempfli.eu\/?tag=die-rundschau-und-der-blick-enthuellten-in-diesen-tagen-graessliche-quellen-des-hasses-auch-hierzulande-sie-eroeffneten-eine-diskussion","name":"die Rundschau und der Blick enth\u00fcllten in diesen Tagen gr\u00e4ssliche Quellen des Hasses auch hierzulande. Sie er\u00f6ffneten eine Diskussion","slug":"die-rundschau-und-der-blick-enthuellten-in-diesen-tagen-graessliche-quellen-des-hasses-auch-hierzulande-sie-eroeffneten-eine-diskussion","taxonomy":"post_tag","meta":[],"_links":{"self":[{"href":"https:\/\/regulastaempfli.eu\/index.php?rest_route=\/wp\/v2\/tags\/5263","targetHints":{"allow":["GET"]}}],"collection":[{"href":"https:\/\/regulastaempfli.eu\/index.php?rest_route=\/wp\/v2\/tags"}],"about":[{"href":"https:\/\/regulastaempfli.eu\/index.php?rest_route=\/wp\/v2\/taxonomies\/post_tag"}],"wp:post_type":[{"href":"https:\/\/regulastaempfli.eu\/index.php?rest_route=%2Fwp%2Fv2%2Fposts&tags=5263"}],"curies":[{"name":"wp","href":"https:\/\/api.w.org\/{rel}","templated":true}]}}