{"id":10446,"count":1,"description":"","link":"https:\/\/regulastaempfli.eu\/?tag=emrah-erken-und-regula-staempfli-im-gespraech-maeerz-2026","name":"Emrah Erken und Regula St\u00e4mpfli im Gespr\u00e4ch. M\u00e4erz 2026","slug":"emrah-erken-und-regula-staempfli-im-gespraech-maeerz-2026","taxonomy":"post_tag","meta":[],"_links":{"self":[{"href":"https:\/\/regulastaempfli.eu\/index.php?rest_route=\/wp\/v2\/tags\/10446","targetHints":{"allow":["GET"]}}],"collection":[{"href":"https:\/\/regulastaempfli.eu\/index.php?rest_route=\/wp\/v2\/tags"}],"about":[{"href":"https:\/\/regulastaempfli.eu\/index.php?rest_route=\/wp\/v2\/taxonomies\/post_tag"}],"wp:post_type":[{"href":"https:\/\/regulastaempfli.eu\/index.php?rest_route=%2Fwp%2Fv2%2Fposts&tags=10446"}],"curies":[{"name":"wp","href":"https:\/\/api.w.org\/{rel}","templated":true}]}}