{"id":10438,"count":1,"description":"","link":"https:\/\/regulastaempfli.eu\/?tag=die-podcastin-vom-24-maerz-2026-isabel-rohner-und-regula-staempfli-im-sprechenden-denken-ueber-den-fall-collien-fernandes","name":"Die Podcastin vom 24. M\u00e4rz 2026: Isabel Rohner und Regula St\u00e4mpfli im sprechenden Denken \u00fcber den Fall Collien Fernandes","slug":"die-podcastin-vom-24-maerz-2026-isabel-rohner-und-regula-staempfli-im-sprechenden-denken-ueber-den-fall-collien-fernandes","taxonomy":"post_tag","meta":[],"_links":{"self":[{"href":"https:\/\/regulastaempfli.eu\/index.php?rest_route=\/wp\/v2\/tags\/10438","targetHints":{"allow":["GET"]}}],"collection":[{"href":"https:\/\/regulastaempfli.eu\/index.php?rest_route=\/wp\/v2\/tags"}],"about":[{"href":"https:\/\/regulastaempfli.eu\/index.php?rest_route=\/wp\/v2\/taxonomies\/post_tag"}],"wp:post_type":[{"href":"https:\/\/regulastaempfli.eu\/index.php?rest_route=%2Fwp%2Fv2%2Fposts&tags=10438"}],"curies":[{"name":"wp","href":"https:\/\/api.w.org\/{rel}","templated":true}]}}