{"id":9785,"date":"2023-01-31T21:57:52","date_gmt":"2023-01-31T19:57:52","guid":{"rendered":"https:\/\/regulastaempfli.eu\/?p=9785"},"modified":"2023-01-31T21:57:54","modified_gmt":"2023-01-31T19:57:54","slug":"diepodcastin-ueber-medien-chatgpt-frauenquote-bergsteigerinnen-dann-revisited-regula-staempfli-ueber-frauen-in-den-medien-39-treffen-zdf-frauen-hat-sich-gut-gehalten","status":"publish","type":"post","link":"https:\/\/regulastaempfli.eu\/?p=9785","title":{"rendered":"#diepodcastin \u00fcber Medien. ChatGPT, Frauenquote &#038; Bergsteigerinnen. Dann revisited: Regula St\u00e4mpfli \u00fcber Frauen in den Medien: 39. Treffen ZDF-Frauen. Hat sich gut gehalten."},"content":{"rendered":"\n<p>Soviele Theorien hat Regula St\u00e4mpfli &#8211; Bestsellerin von &#8220;Die Vermessung der Frau&#8221; schon der \u00d6ffentlichkeit pr\u00e4sentiert und viele halten sich bis heute, ausser dass die Leichtigkeit der sog. Frauenfrage durch die Polemiken weg ist. Und die Schachtelkrisen: Pandemie, Krieg, Trumpism in der Politik machen es nicht leichter. Doch grunds\u00e4tzlich sind die Themen immer noch valide: &#8220;Mann sieht, Frau wird gesehen&#8221;; &#8220;Mann hat Namen &amp; Funktion, Frau einen K\u00f6rper, ein Alter, ein Aussehen.&#8221;; &#8220;Mann ist Experte, Frau ist Gegenstand&#8221;; &#8220;Frauen werden dank ex officio in TV-Talks eingeladen, M\u00e4nner weil sie M\u00e4nner sind.&#8221; K\u00fcrzlich bei Anne Will 2023! Die j\u00fcngste Frau hatte Jahrgang 1996, der j\u00fcngste Mann Jahrgang 1962!. <\/p>\n\n\n\n<p>Hier die ganze Veranstaltung mit dem Referat von Regula St\u00e4mpfli Link: <a href=\"https:\/\/www.zdf.de\/zdfunternehmen\/videos\/herbsttreffen-medienfrauen-freitag-100.html\" target=\"_blank\" rel=\"noreferrer noopener\">https:\/\/www.zdf.de\/zdfunternehmen\/videos\/herbsttreffen-medienfrauen-freitag-100.html<\/a><\/p>\n\n\n\n<figure class=\"wp-block-embed is-type-rich is-provider-twitter wp-block-embed-twitter\"><div class=\"wp-block-embed__wrapper\">\nhttps:\/\/twitter.com\/laStaempfli\/status\/1620508362810224642?s=20&#038;t=K3ATGg0wpNGB9_CbTyQIxA\n<\/div><\/figure>\n\n\n\n<p>Die Podcastin, Isabel Rohner und Regula St\u00e4mpfli haben sich \u00fcber Frauen in den Medien unterhalten und die Bergsteigerinnen kamen zur Ehre, zum nachh\u00f6ren hier der Link: <a href=\"https:\/\/diepodcastin.de\/2023\/01\/29\/diepodcastin-am-berg-isabel-rohner-regula-stampfli-uber-empfang-spanien-gewalt-in-iran-chat-gpt-punkto-gleichstellung-frauen-in-den-medien-frauen-im-berg-schweizer-frauen-alpenclub-deutsche\/\">https:\/\/diepodcastin.de\/2023\/01\/29\/diepodcastin-am-berg-isabel-rohner-regula-stampfli-uber-empfang-spanien-gewalt-in-iran-chat-gpt-punkto-gleichstellung-frauen-in-den-medien-frauen-im-berg-schweizer-frauen-alpenclub-deutsche\/<\/a><\/p>\n\n\n\n<figure class=\"wp-block-embed is-type-rich is-provider-twitter wp-block-embed-twitter\"><div class=\"wp-block-embed__wrapper\">\nhttps:\/\/twitter.com\/Rohnerin\/status\/1619683478546817031?s=20&#038;t=K3ATGg0wpNGB9_CbTyQIxA\n<\/div><\/figure>\n","protected":false},"excerpt":{"rendered":"<p>Soviele Theorien hat Regula St\u00e4mpfli &#8211; Bestsellerin von &#8220;Die Vermessung der Frau&#8221; schon der \u00d6ffentlichkeit pr\u00e4sentiert und viele halten sich bis heute, ausser dass die Leichtigkeit der sog. Frauenfrage durch die Polemiken weg ist. Und die Schachtelkrisen: Pandemie, Krieg, Trumpism &hellip; <a href=\"https:\/\/regulastaempfli.eu\/?p=9785\">Weiterlesen <span class=\"meta-nav\">&rarr;<\/span><\/a><\/p>\n","protected":false},"author":1,"featured_media":8196,"comment_status":"closed","ping_status":"closed","sticky":false,"template":"","format":"standard","meta":{"_s2mail":"","footnotes":""},"categories":[6579,5685,8580,5683,8581,5686,5682,8275,5684],"tags":[8668],"class_list":["post-9785","post","type-post","status-publish","format-standard","has-post-thumbnail","hentry","category-diepodcastin","category-ad-personam","category-ki-ai","category-kolumnen","category-kuenstliche-intelligenz-artificial-intelligence-ki-ai","category-lehre-vortraege","category-literaturblog","category-nzz","category-politik-philosophie-design-it","tag-wie-demokratietheoretisch-das-gewicht-von-der-gleichheit-zur-freiheit-transformiert"],"_links":{"self":[{"href":"https:\/\/regulastaempfli.eu\/index.php?rest_route=\/wp\/v2\/posts\/9785","targetHints":{"allow":["GET"]}}],"collection":[{"href":"https:\/\/regulastaempfli.eu\/index.php?rest_route=\/wp\/v2\/posts"}],"about":[{"href":"https:\/\/regulastaempfli.eu\/index.php?rest_route=\/wp\/v2\/types\/post"}],"author":[{"embeddable":true,"href":"https:\/\/regulastaempfli.eu\/index.php?rest_route=\/wp\/v2\/users\/1"}],"replies":[{"embeddable":true,"href":"https:\/\/regulastaempfli.eu\/index.php?rest_route=%2Fwp%2Fv2%2Fcomments&post=9785"}],"version-history":[{"count":1,"href":"https:\/\/regulastaempfli.eu\/index.php?rest_route=\/wp\/v2\/posts\/9785\/revisions"}],"predecessor-version":[{"id":9786,"href":"https:\/\/regulastaempfli.eu\/index.php?rest_route=\/wp\/v2\/posts\/9785\/revisions\/9786"}],"wp:featuredmedia":[{"embeddable":true,"href":"https:\/\/regulastaempfli.eu\/index.php?rest_route=\/wp\/v2\/media\/8196"}],"wp:attachment":[{"href":"https:\/\/regulastaempfli.eu\/index.php?rest_route=%2Fwp%2Fv2%2Fmedia&parent=9785"}],"wp:term":[{"taxonomy":"category","embeddable":true,"href":"https:\/\/regulastaempfli.eu\/index.php?rest_route=%2Fwp%2Fv2%2Fcategories&post=9785"},{"taxonomy":"post_tag","embeddable":true,"href":"https:\/\/regulastaempfli.eu\/index.php?rest_route=%2Fwp%2Fv2%2Ftags&post=9785"}],"curies":[{"name":"wp","href":"https:\/\/api.w.org\/{rel}","templated":true}]}}