{"id":9645,"date":"2022-12-22T18:42:29","date_gmt":"2022-12-22T16:42:29","guid":{"rendered":"https:\/\/regulastaempfli.eu\/?p=9645"},"modified":"2022-12-22T18:42:31","modified_gmt":"2022-12-22T16:42:31","slug":"israel-iran-antisemitismus-globalisierung-nationalisierung-die-schweiz-im-fokus-der-weltpolitik-ein-gespraech-zwischen-daniel-rickenbacher-regula-staempfli-ach-ja-zionismus-digitalisierung","status":"publish","type":"post","link":"https:\/\/regulastaempfli.eu\/?p=9645","title":{"rendered":"Israel, Iran, Antisemitismus, Globalisierung, Nationalisierung: Die Schweiz im Fokus der Weltpolitik. Ein Gespr\u00e4ch zwischen Daniel Rickenbacher &#038; Regula St\u00e4mpfli. Ach ja: Zionismus, Digitalisierung &#038; Foucaultkritik ist auch noch dabei."},"content":{"rendered":"\n<p>Der Historiker Daniel Rickenbacher und Regula St\u00e4mpfli lernten sich per TWITTER \u00fcber die #IranRevolution2022 kennen. In einem regen Austausch der jeweiligen Forschungsbeitr\u00e4ge kam ein ausserordentlich wichtiges Gespr\u00e4ch zur Schweiz als weltpolitischen Akteur zustande und gleichzeitig durchreisten die beiden Historiker die Weltgeschichte punkto Antisemitismus. Ein Gespr\u00e4ch wie es in der Schweiz selten stattfindet.  Listen to Podcast: <a href=\"http:\/\/ta-swiss-futurepodcast.online\/der-historiker-daniel-rickenbacher-und-die-politphilosophin-regula-staempfli-im-gespraech-ueber-geschichtsschreibung-digitalisierung-islamismus-schweizer-universitaeten-algorithmische-und-wissensc\" target=\"_blank\" rel=\"noreferrer noopener\">http:\/\/ta-swiss-futurepodcast.online\/der-historiker-daniel-rickenbacher-und-die-politphilosophin-regula-staempfli-im-gespraech-ueber-geschichtsschreibung-digitalisierung-islamismus-schweizer-universitaeten-algorithmische-und-wissensc<\/a><\/p>\n\n\n\n<figure class=\"wp-block-image size-large is-resized\"><a href=\"https:\/\/regulastaempfli.eu\/wp-content\/uploads\/2022\/12\/daniel-rickenbacher-und-regula-staempfli-im-gespraech-digitalisierung-geschichtsschreibung-naher-osten-israel-iran-und-wie-die-schweiz-weltgeschichte-macht.jpeg\"><img loading=\"lazy\" decoding=\"async\" src=\"https:\/\/regulastaempfli.eu\/wp-content\/uploads\/2022\/12\/daniel-rickenbacher-und-regula-staempfli-im-gespraech-digitalisierung-geschichtsschreibung-naher-osten-israel-iran-und-wie-die-schweiz-weltgeschichte-macht.jpeg\" alt=\"\" class=\"wp-image-9646\" width=\"500\" height=\"465\" srcset=\"https:\/\/regulastaempfli.eu\/wp-content\/uploads\/2022\/12\/daniel-rickenbacher-und-regula-staempfli-im-gespraech-digitalisierung-geschichtsschreibung-naher-osten-israel-iran-und-wie-die-schweiz-weltgeschichte-macht.jpeg 500w, https:\/\/regulastaempfli.eu\/wp-content\/uploads\/2022\/12\/daniel-rickenbacher-und-regula-staempfli-im-gespraech-digitalisierung-geschichtsschreibung-naher-osten-israel-iran-und-wie-die-schweiz-weltgeschichte-macht-300x279.jpeg 300w, https:\/\/regulastaempfli.eu\/wp-content\/uploads\/2022\/12\/daniel-rickenbacher-und-regula-staempfli-im-gespraech-digitalisierung-geschichtsschreibung-naher-osten-israel-iran-und-wie-die-schweiz-weltgeschichte-macht-323x300.jpeg 323w\" sizes=\"auto, (max-width: 500px) 100vw, 500px\" \/><\/a><figcaption>Der Historiker Daniel Rickenbacher auf dem Futurepodcast von Regula St\u00e4mpfli. <\/figcaption><\/figure>\n\n\n\n<p>Der Historiker Daniel Rickenbacher und die Politphilosophin Regula St\u00e4mpfli im Gespr\u00e4ch \u00fcber Geschichtsschreibung, Digitalisierung, Islamismus, Schweizer Universit\u00e4ten, algorithmische und wissenschaftliche Vorurteile sowie den engen Zusammenhang zwischen Innen- und Aussenpolitik.<\/p>\n\n\n\n<figure class=\"wp-block-embed is-type-rich is-provider-twitter wp-block-embed-twitter\"><div class=\"wp-block-embed__wrapper\">\n<blockquote class=\"twitter-tweet\" data-width=\"550\" data-dnt=\"true\"><p lang=\"de\" dir=\"ltr\"><a href=\"https:\/\/twitter.com\/hashtag\/IranRevolution22?src=hash&amp;ref_src=twsrc%5Etfw\">#IranRevolution22<\/a> Talk between Historian Daniel Rickenbacher &amp; Regula Staempfli on <a href=\"https:\/\/twitter.com\/hashtag\/MiddleEast?src=hash&amp;ref_src=twsrc%5Etfw\">#MiddleEast<\/a> <a href=\"https:\/\/twitter.com\/hashtag\/Universities?src=hash&amp;ref_src=twsrc%5Etfw\">#Universities<\/a> <a href=\"https:\/\/twitter.com\/hashtag\/Antisemitism?src=hash&amp;ref_src=twsrc%5Etfw\">#Antisemitism<\/a> <a href=\"https:\/\/twitter.com\/hashtag\/Islamism?src=hash&amp;ref_src=twsrc%5Etfw\">#Islamism<\/a> (in German) <a href=\"https:\/\/t.co\/0ae29nUoNm\">https:\/\/t.co\/0ae29nUoNm<\/a> <a href=\"https:\/\/t.co\/rz5l1NCGkD\">https:\/\/t.co\/rz5l1NCGkD<\/a> <a href=\"https:\/\/t.co\/IEO2fRIwyN\">pic.twitter.com\/IEO2fRIwyN<\/a><\/p>&mdash; Regula Staempfli &amp; Kurzform laStaempfli (@laStaempfli) <a href=\"https:\/\/twitter.com\/laStaempfli\/status\/1605845386614038529?ref_src=twsrc%5Etfw\">December 22, 2022<\/a><\/blockquote><script async src=\"https:\/\/platform.twitter.com\/widgets.js\" charset=\"utf-8\"><\/script>\n<\/div><\/figure>\n","protected":false},"excerpt":{"rendered":"<p>Der Historiker Daniel Rickenbacher und Regula St\u00e4mpfli lernten sich per TWITTER \u00fcber die #IranRevolution2022 kennen. In einem regen Austausch der jeweiligen Forschungsbeitr\u00e4ge kam ein ausserordentlich wichtiges Gespr\u00e4ch zur Schweiz als weltpolitischen Akteur zustande und gleichzeitig durchreisten die beiden Historiker die &hellip; <a href=\"https:\/\/regulastaempfli.eu\/?p=9645\">Weiterlesen <span class=\"meta-nav\">&rarr;<\/span><\/a><\/p>\n","protected":false},"author":1,"featured_media":0,"comment_status":"closed","ping_status":"closed","sticky":false,"template":"","format":"standard","meta":{"_s2mail":"","footnotes":""},"categories":[5685,8273,8274,7040,8224,5683,5686,5682,7011,8275,5684,7369],"tags":[7881,7275,8127,8540,8539,8538,8537,8541,8536,5134,500,8542,3009,1440,322,8535],"class_list":["post-9645","post","type-post","status-publish","format-standard","hentry","category-ad-personam","category-basler-zeitung","category-blick-am-abend","category-clubhouse","category-codes","category-kolumnen","category-lehre-vortraege","category-literaturblog","category-nebelspalter","category-nzz","category-politik-philosophie-design-it","category-ta-swiss-future-podcast","tag-antisemitismus-2","tag-demokratie-2","tag-freiheit-2","tag-iranrevolution22","tag-islamogauchiste","tag-israel-2","tag-algorithmische-und-wissenschaftliche-vorurteile-sowie-den-engen-zusammenhang-zwischen-innen-und-aussenpolitik","tag-burkainitiative-schweiz","tag-der-historiker-daniel-rickenbacher-und-die-politphilosophin-regula-staempfli-im-gespraech-ueber-geschichtsschreibung","tag-digitalisierung","tag-geschichte","tag-historiker-daniel-rickenbacher","tag-hjiab","tag-islamismus","tag-lastaempfli","tag-schweizer-universitaeten"],"_links":{"self":[{"href":"https:\/\/regulastaempfli.eu\/index.php?rest_route=\/wp\/v2\/posts\/9645","targetHints":{"allow":["GET"]}}],"collection":[{"href":"https:\/\/regulastaempfli.eu\/index.php?rest_route=\/wp\/v2\/posts"}],"about":[{"href":"https:\/\/regulastaempfli.eu\/index.php?rest_route=\/wp\/v2\/types\/post"}],"author":[{"embeddable":true,"href":"https:\/\/regulastaempfli.eu\/index.php?rest_route=\/wp\/v2\/users\/1"}],"replies":[{"embeddable":true,"href":"https:\/\/regulastaempfli.eu\/index.php?rest_route=%2Fwp%2Fv2%2Fcomments&post=9645"}],"version-history":[{"count":4,"href":"https:\/\/regulastaempfli.eu\/index.php?rest_route=\/wp\/v2\/posts\/9645\/revisions"}],"predecessor-version":[{"id":9651,"href":"https:\/\/regulastaempfli.eu\/index.php?rest_route=\/wp\/v2\/posts\/9645\/revisions\/9651"}],"wp:attachment":[{"href":"https:\/\/regulastaempfli.eu\/index.php?rest_route=%2Fwp%2Fv2%2Fmedia&parent=9645"}],"wp:term":[{"taxonomy":"category","embeddable":true,"href":"https:\/\/regulastaempfli.eu\/index.php?rest_route=%2Fwp%2Fv2%2Fcategories&post=9645"},{"taxonomy":"post_tag","embeddable":true,"href":"https:\/\/regulastaempfli.eu\/index.php?rest_route=%2Fwp%2Fv2%2Ftags&post=9645"}],"curies":[{"name":"wp","href":"https:\/\/api.w.org\/{rel}","templated":true}]}}