{"id":9618,"date":"2022-12-10T14:25:17","date_gmt":"2022-12-10T12:25:17","guid":{"rendered":"https:\/\/regulastaempfli.eu\/?p=9618"},"modified":"2022-12-10T14:25:18","modified_gmt":"2022-12-10T12:25:18","slug":"regula-staempfli-isabel-rohner-zu-bundesraetinnen-wahl-in-der-schweiz-frauenhass-beim-zdf-klein-report-diepodcastinroyale-das-bild-heute-stammt-von-der-grossen-malerintransfrau-danielle-pamp","status":"publish","type":"post","link":"https:\/\/regulastaempfli.eu\/?p=9618","title":{"rendered":"Regula St\u00e4mpfli &#038; Isabel Rohner zu Bundesr\u00e4tinnen-Wahl in der Schweiz, Frauenhass beim ZDF: Klein Report &#038; #diepodcastinroyale.  Das Bild heute stammt von der grossen Malerin&#038;Transfrau Danielle Pamp."},"content":{"rendered":"\n<p>Die Medienexpertin Regula St\u00e4mpfli hat f\u00fcr den Klein Report die unterirdische #turds Sendung von Jan B\u00f6hmermann kommentiert: <a rel=\"noreferrer noopener\" href=\"https:\/\/www.kleinreport.ch\/news\/medienkritik-mit-kackhaufen-gegen-frauen-100839\/\" target=\"_blank\">https:\/\/www.kleinreport.ch\/news\/medienkritik-mit-kackhaufen-gegen-frauen-100839\/<\/a> Statt die hohe Einschaltquote des ZDF MAGAZIN ROYALE f\u00fcr #IranRevolution2022 und #Afghanistan sowie die Aktionswoche &#8220;Gewalt gegen Frauen&#8221; zu nutzen, ruft Jan B\u00f6hmermann zum Hass auf Frauen auf, setzt wie die Rechtsextremen einzelne Frauen auf die Liste, damit die Meute diese Frauen zum Verstummen bringen. Dies alles unter dem Vorwand, Transphobie zu bek\u00e4mpfen. Leute: Frauen k\u00f6nnen f\u00fcr Frauenrechte und Transrechte gleichzeitig sein. <strong>Doch das Patriarchat spielt gerne das Eine gegen das Andere aus. Zudem: Sprechhoheit. Sagt ein Mann zu einer Frau: Ich bin eine Frau. Die Frau antwortet z\u00f6gerlich: &#8220;Da bin ich mir nicht so sicher.&#8221; Der Mann bekommt immer recht. Und beschimpft die Frau als #Terf. <\/strong><\/p>\n\n\n\n<p><\/p>\n\n\n\n<figure class=\"wp-block-image size-large\"><a href=\"https:\/\/regulastaempfli.eu\/wp-content\/uploads\/2022\/12\/IMG_6576.jpg\"><img loading=\"lazy\" decoding=\"async\" width=\"1024\" height=\"768\" src=\"https:\/\/regulastaempfli.eu\/wp-content\/uploads\/2022\/12\/IMG_6576-1024x768.jpg\" alt=\"\" class=\"wp-image-9620\" srcset=\"https:\/\/regulastaempfli.eu\/wp-content\/uploads\/2022\/12\/IMG_6576-1024x768.jpg 1024w, https:\/\/regulastaempfli.eu\/wp-content\/uploads\/2022\/12\/IMG_6576-300x225.jpg 300w, https:\/\/regulastaempfli.eu\/wp-content\/uploads\/2022\/12\/IMG_6576-768x576.jpg 768w, https:\/\/regulastaempfli.eu\/wp-content\/uploads\/2022\/12\/IMG_6576-1536x1152.jpg 1536w, https:\/\/regulastaempfli.eu\/wp-content\/uploads\/2022\/12\/IMG_6576-400x300.jpg 400w, https:\/\/regulastaempfli.eu\/wp-content\/uploads\/2022\/12\/IMG_6576.jpg 2016w\" sizes=\"auto, (max-width: 1024px) 100vw, 1024px\" \/><\/a><figcaption>Danielle Pamp, Das wunderbare Bild der &#8220;Woman shaving her legs&#8221;. laStaempfli sammelt die zauberhafte Transfrau Pamp, von deren Werke sie nicht genug kriegen kann (ausser dass es das Budget nicht zul\u00e4sst). Zudem ist Danielle Pamp eine gute Freundin von laStaempfli. Hier der Link zu Danielle Pamp: <a href=\"http:\/\/artisapieceofcake.art\/2022\/04\/04\/danielle-pamp-memory-fragments-and-interactions-an-intimate-exploration-between-the-artist-lastaempfli\/\" target=\"_blank\" rel=\"noreferrer noopener\">http:\/\/artisapieceofcake.art\/2022\/04\/04\/danielle-pamp-memory-fragments-and-interactions-an-intimate-exploration-between-the-artist-lastaempfli\/<\/a><\/figcaption><\/figure>\n\n\n\n<figure class=\"wp-block-embed is-type-rich is-provider-twitter wp-block-embed-twitter\"><div class=\"wp-block-embed__wrapper\">\nhttps:\/\/twitter.com\/laStaempfli\/status\/1601551402936827904?s=20&#038;t=cBwFIdGAuC7GaVlJDQN8yA\n<\/div><\/figure>\n\n\n\n<p><strong>#diepodcastin royale: Isabel Rohner &amp; Regula Staempfli \u00fcber die Heldinnen des Jahres, Masih Alinejad, Iranerinnen, Afghaninnen, Frauenrechte, \u00fcber den fleischgewordenen Twitterer Jan B\u00f6hmermann, Pinkwashing bei Tagesspiegel &amp; great TWEETS.Das Times Magazine hat die Frauen Irans zu den Heldinnen des Jahres gek\u00fcrt 2022<\/strong>! So positiv dies ist, Regula St\u00e4mpfli problematisiert zu recht, dass Frauen oft nur im Kollektiv ausgezeichnet werden. Masih Alinejad h\u00e4tte es verdient, Frau des Jahres zu werden. F\u00fcr uns ist sie es.<strong>Dann sprechen Regula St\u00e4mpfli und Isabel Rohner \u00fcber die letzte Folge des \u201cZDF Magazin Royale\u201d von Jan B\u00f6hmermann, das\u00a0leider v\u00f6llig unterkomplex \u00fcber das geplante sog. Selbstbestimmungsgesetz in Deutschland berichtet hat.<\/strong><\/p>\n\n\n\n<p>Hier der Link zur 130. Folge #diepodcastin von Isabel Rohner &amp; Regula St\u00e4mpfli: <a href=\"https:\/\/diepodcastin.de\/2022\/12\/10\/diepodcastin-royale-isabel-rohner-regula-staempfli-uber-die-heldinnen-des-jahres-masih-alinejad-iranerinnen-afghaninnen-frauenrechte-uber-den-fleischgewordenen-twitterer-jan-bohmermann-pinkw\/\" target=\"_blank\" rel=\"noreferrer noopener\">https:\/\/diepodcastin.de\/2022\/12\/10\/diepodcastin-royale-isabel-rohner-regula-staempfli-uber-die-heldinnen-des-jahres-masih-alinejad-iranerinnen-afghaninnen-frauenrechte-uber-den-fleischgewordenen-twitterer-jan-bohmermann-pinkw\/<\/a><\/p>\n\n\n\n<figure class=\"wp-block-embed is-type-rich is-provider-twitter wp-block-embed-twitter\"><div class=\"wp-block-embed__wrapper\">\nhttps:\/\/twitter.com\/diepodcastin\/status\/1601527121469648896?s=20&#038;t=cBwFIdGAuC7GaVlJDQN8yA\n<\/div><\/figure>\n","protected":false},"excerpt":{"rendered":"<p>Die Medienexpertin Regula St\u00e4mpfli hat f\u00fcr den Klein Report die unterirdische #turds Sendung von Jan B\u00f6hmermann kommentiert: https:\/\/www.kleinreport.ch\/news\/medienkritik-mit-kackhaufen-gegen-frauen-100839\/ Statt die hohe Einschaltquote des ZDF MAGAZIN ROYALE f\u00fcr #IranRevolution2022 und #Afghanistan sowie die Aktionswoche &#8220;Gewalt gegen Frauen&#8221; zu nutzen, ruft Jan &hellip; <a href=\"https:\/\/regulastaempfli.eu\/?p=9618\">Weiterlesen <span class=\"meta-nav\">&rarr;<\/span><\/a><\/p>\n","protected":false},"author":1,"featured_media":9624,"comment_status":"closed","ping_status":"closed","sticky":false,"template":"","format":"standard","meta":{"_s2mail":"","footnotes":""},"categories":[7051,6579,5685,8273,8274,7040,8224,5683,5686,5682,7011,1,8275,5684,7369],"tags":[7289,8515,3344,8517,453,8514,8518,98,8516,322,454,3892,8513],"class_list":["post-9618","post","type-post","status-publish","format-standard","has-post-thumbnail","hentry","category-artisapieceofcake","category-diepodcastin","category-ad-personam","category-basler-zeitung","category-blick-am-abend","category-clubhouse","category-codes","category-kolumnen","category-lehre-vortraege","category-literaturblog","category-nebelspalter","category-allgemein","category-nzz","category-politik-philosophie-design-it","category-ta-swiss-future-podcast","tag-podcaster","tag-podcasterstaempfli","tag-bundesratswahl","tag-danielle-pamp","tag-demokratie","tag-frauenhass-beim-zdf-diepodcastinroyale-mit-bild-der-grossen-malerintransfrau-danielle-pamp","tag-great-painter","tag-kolumne","tag-kommentar","tag-lastaempfli","tag-politologin","tag-politphilosophin-staempfli","tag-regula-staempfli-isabel-rohner-zu-bundesraetinnen-wahl-in-der-schweiz"],"_links":{"self":[{"href":"https:\/\/regulastaempfli.eu\/index.php?rest_route=\/wp\/v2\/posts\/9618","targetHints":{"allow":["GET"]}}],"collection":[{"href":"https:\/\/regulastaempfli.eu\/index.php?rest_route=\/wp\/v2\/posts"}],"about":[{"href":"https:\/\/regulastaempfli.eu\/index.php?rest_route=\/wp\/v2\/types\/post"}],"author":[{"embeddable":true,"href":"https:\/\/regulastaempfli.eu\/index.php?rest_route=\/wp\/v2\/users\/1"}],"replies":[{"embeddable":true,"href":"https:\/\/regulastaempfli.eu\/index.php?rest_route=%2Fwp%2Fv2%2Fcomments&post=9618"}],"version-history":[{"count":4,"href":"https:\/\/regulastaempfli.eu\/index.php?rest_route=\/wp\/v2\/posts\/9618\/revisions"}],"predecessor-version":[{"id":9623,"href":"https:\/\/regulastaempfli.eu\/index.php?rest_route=\/wp\/v2\/posts\/9618\/revisions\/9623"}],"wp:featuredmedia":[{"embeddable":true,"href":"https:\/\/regulastaempfli.eu\/index.php?rest_route=\/wp\/v2\/media\/9624"}],"wp:attachment":[{"href":"https:\/\/regulastaempfli.eu\/index.php?rest_route=%2Fwp%2Fv2%2Fmedia&parent=9618"}],"wp:term":[{"taxonomy":"category","embeddable":true,"href":"https:\/\/regulastaempfli.eu\/index.php?rest_route=%2Fwp%2Fv2%2Fcategories&post=9618"},{"taxonomy":"post_tag","embeddable":true,"href":"https:\/\/regulastaempfli.eu\/index.php?rest_route=%2Fwp%2Fv2%2Ftags&post=9618"}],"curies":[{"name":"wp","href":"https:\/\/api.w.org\/{rel}","templated":true}]}}