{"id":9609,"date":"2022-11-26T15:15:07","date_gmt":"2022-11-26T13:15:07","guid":{"rendered":"https:\/\/regulastaempfli.eu\/?p=9609"},"modified":"2022-11-26T15:15:08","modified_gmt":"2022-11-26T13:15:08","slug":"regula-staempfli-krieg-als-welt-philosophie-und-technikgeschichte-an-der-universitaet-st-gallen-hsg-2023-semesterpass-fuer-nur-20-franken","status":"publish","type":"post","link":"https:\/\/regulastaempfli.eu\/?p=9609","title":{"rendered":"Regula St\u00e4mpfli: Krieg als Welt, Philosophie- und Technikgeschichte an der Universit\u00e4t St. Gallen HSG 2023 &#8211; Semesterpass f\u00fcr nur 20 Franken."},"content":{"rendered":"\n<p>Zwar ist das Programm noch nicht verschickt, doch Regula St\u00e4mpfli wird 2023 im Rahmen der #HannahArendtLectures \u00fcber Krieg als Philosophiegeschichte vorlesen. Der Hinweis kommt jetzt schon, weil auf ARTE eine kluge Sendung zum &#8220;Untergang des R\u00f6mischen Reiches&#8221; l\u00e4uft : Erz\u00e4hlt als Klima- und Pandemiegeschichte siehe <a rel=\"noreferrer noopener\" href=\"https:\/\/www.arte.tv\/de\/videos\/098123-000-A\/rom-untergang-einer-weltmacht\/\" target=\"_blank\">https:\/\/www.arte.tv\/de\/videos\/098123-000-A\/rom-untergang-einer-weltmacht\/<\/a><\/p>\n\n\n\n<div class=\"wp-block-media-text alignwide is-stacked-on-mobile\"><figure class=\"wp-block-media-text__media\"><img loading=\"lazy\" decoding=\"async\" width=\"1024\" height=\"873\" src=\"https:\/\/regulastaempfli.eu\/wp-content\/uploads\/2022\/11\/Bildschirmfoto-2022-11-26-um-14.06.54-1024x873.png\" alt=\"\" class=\"wp-image-9611 size-full\" srcset=\"https:\/\/regulastaempfli.eu\/wp-content\/uploads\/2022\/11\/Bildschirmfoto-2022-11-26-um-14.06.54-1024x873.png 1024w, https:\/\/regulastaempfli.eu\/wp-content\/uploads\/2022\/11\/Bildschirmfoto-2022-11-26-um-14.06.54-300x256.png 300w, https:\/\/regulastaempfli.eu\/wp-content\/uploads\/2022\/11\/Bildschirmfoto-2022-11-26-um-14.06.54-768x655.png 768w, https:\/\/regulastaempfli.eu\/wp-content\/uploads\/2022\/11\/Bildschirmfoto-2022-11-26-um-14.06.54-352x300.png 352w, https:\/\/regulastaempfli.eu\/wp-content\/uploads\/2022\/11\/Bildschirmfoto-2022-11-26-um-14.06.54.png 1232w\" sizes=\"auto, (max-width: 1024px) 100vw, 1024px\" \/><\/figure><div class=\"wp-block-media-text__content\">\n<p class=\"has-large-font-size\">Symbolbild f\u00fcr die neue Vorlesung von laStaempfli.<\/p>\n<\/div><\/div>\n\n\n\n<p>In Diskussionen unter Freundinnen und Freunden lachen wir oft zusammen, sind aber auch ernst: Da gibt es die Fraktion, die Weltgeschichte von Wien aus erz\u00e4hlt, dann die von London aus erz\u00e4hlt, dann die von Byzanz her erz\u00e4hlt, die Fraktion aus Beijing wird nicht mehr eingeladen (Ironiedetektor), auch die aus Moskau nicht, dann Rom, Paris oder Bern. laStaempfli kennt alle Perspektiven: Sie erz\u00e4hlt Weltgeschichte \u00fcber die Schrift. Kommt alle zur ersten Vorlesung nach St. Gallen 30. M\u00e4rz 2023 von 18.15-19.45. <\/p>\n","protected":false},"excerpt":{"rendered":"<p>Zwar ist das Programm noch nicht verschickt, doch Regula St\u00e4mpfli wird 2023 im Rahmen der #HannahArendtLectures \u00fcber Krieg als Philosophiegeschichte vorlesen. Der Hinweis kommt jetzt schon, weil auf ARTE eine kluge Sendung zum &#8220;Untergang des R\u00f6mischen Reiches&#8221; l\u00e4uft : Erz\u00e4hlt &hellip; <a href=\"https:\/\/regulastaempfli.eu\/?p=9609\">Weiterlesen <span class=\"meta-nav\">&rarr;<\/span><\/a><\/p>\n","protected":false},"author":1,"featured_media":9611,"comment_status":"closed","ping_status":"closed","sticky":false,"template":"","format":"standard","meta":{"_s2mail":"","footnotes":""},"categories":[5686,8275,5684],"tags":[8126,8499,8504,8500,8507,8418,8497,8498,8501,8503,8506,8505,8495,3192,8493,8502,8492,8496,8494],"class_list":["post-9609","post","type-post","status-publish","format-standard","has-post-thumbnail","hentry","category-lehre-vortraege","category-nzz","category-politik-philosophie-design-it","tag-hsg-2","tag-inspiration","tag-klimapolitik","tag-lehre","tag-narrative-2","tag-pandemie-2","tag-st-gallen-2","tag-studieren-mit-lastaempfli","tag-temperament","tag-trumpism-putinism","tag-weltgewinn","tag-weltverlust-2","tag-doch-regula-staempfli-wird-2023-im-rahmen-der-hannaharendtlectures-ueber-krieg-als-philosophiegeschichte-vorlesen-der-hinweis-kommt-jetzt-schon","tag-krieg","tag-philosophie-und-technikgeschichte-an-der-universitaet-st-gallen-hsg-semesterpass-fuer-nur-20-franken","tag-regula-staempfli-ist-immer-am-puls-der-zeit","tag-regula-staempfli-krieg-als-welt","tag-weil-auf-arte-eine-kluge-sendung-zum-untergang-des-roemischen-reiches-laeuft-erzaehlt-als-klima-und-pandemiegeschichte","tag-zwar-ist-das-programm-noch-nicht-verschickt"],"_links":{"self":[{"href":"https:\/\/regulastaempfli.eu\/index.php?rest_route=\/wp\/v2\/posts\/9609","targetHints":{"allow":["GET"]}}],"collection":[{"href":"https:\/\/regulastaempfli.eu\/index.php?rest_route=\/wp\/v2\/posts"}],"about":[{"href":"https:\/\/regulastaempfli.eu\/index.php?rest_route=\/wp\/v2\/types\/post"}],"author":[{"embeddable":true,"href":"https:\/\/regulastaempfli.eu\/index.php?rest_route=\/wp\/v2\/users\/1"}],"replies":[{"embeddable":true,"href":"https:\/\/regulastaempfli.eu\/index.php?rest_route=%2Fwp%2Fv2%2Fcomments&post=9609"}],"version-history":[{"count":2,"href":"https:\/\/regulastaempfli.eu\/index.php?rest_route=\/wp\/v2\/posts\/9609\/revisions"}],"predecessor-version":[{"id":9613,"href":"https:\/\/regulastaempfli.eu\/index.php?rest_route=\/wp\/v2\/posts\/9609\/revisions\/9613"}],"wp:featuredmedia":[{"embeddable":true,"href":"https:\/\/regulastaempfli.eu\/index.php?rest_route=\/wp\/v2\/media\/9611"}],"wp:attachment":[{"href":"https:\/\/regulastaempfli.eu\/index.php?rest_route=%2Fwp%2Fv2%2Fmedia&parent=9609"}],"wp:term":[{"taxonomy":"category","embeddable":true,"href":"https:\/\/regulastaempfli.eu\/index.php?rest_route=%2Fwp%2Fv2%2Fcategories&post=9609"},{"taxonomy":"post_tag","embeddable":true,"href":"https:\/\/regulastaempfli.eu\/index.php?rest_route=%2Fwp%2Fv2%2Ftags&post=9609"}],"curies":[{"name":"wp","href":"https:\/\/api.w.org\/{rel}","templated":true}]}}