{"id":9495,"date":"2022-10-11T11:07:05","date_gmt":"2022-10-11T09:07:05","guid":{"rendered":"https:\/\/regulastaempfli.eu\/?p=9495"},"modified":"2022-10-11T15:18:02","modified_gmt":"2022-10-11T13:18:02","slug":"regula-staempfli-podcasterin-politphilosophin-an-den-swiss-radio-days-2022","status":"publish","type":"post","link":"https:\/\/regulastaempfli.eu\/?p=9495","title":{"rendered":"Regula St\u00e4mpfli, Podcasterin\/Politphilosophin an den SWISS RADIO DAYS 2022."},"content":{"rendered":"\n<p>Das B\u00f6rsenblatt der Frankfurter Buchmesse interviewt die falschen Leute: &#8220;Podcasts bleiben ein Nischenmedium&#8221; meint der Experte Wolfgang Fischler vom literaturcafe.de 2019 siehe Link: <a rel=\"noreferrer noopener\" href=\"https:\/\/www.boersenblatt.net\/archiv\/1735545.html\" target=\"_blank\">https:\/\/www.boersenblatt.net\/archiv\/1735545.html<\/a> Dies erinnert an den Zukunftsforscher Matthias Horx, der im Jahr 2005 auf einer \u00f6ffentlichen Veranstaltung meinte:\u00a0<strong><em>\u201eVon Facebook wird in 5 Jahren niemand mehr reden!\u201c<\/em><\/strong> siehe Link: <a href=\"https:\/\/www.horx.com\/zukunftsforschung\/mein-facebook-failure\/\" target=\"_blank\" rel=\"noreferrer noopener\">https:\/\/www.horx.com\/zukunftsforschung\/mein-facebook-failure\/<\/a><\/p>\n\n\n\n<div class=\"wp-block-media-text alignwide is-stacked-on-mobile\"><figure class=\"wp-block-media-text__media\"><img loading=\"lazy\" decoding=\"async\" width=\"480\" height=\"640\" src=\"https:\/\/regulastaempfli.eu\/wp-content\/uploads\/2022\/10\/regulastaempfli-2022-swiss-radio-days-rotated.jpg\" alt=\"\" class=\"wp-image-9497 size-full\" srcset=\"https:\/\/regulastaempfli.eu\/wp-content\/uploads\/2022\/10\/regulastaempfli-2022-swiss-radio-days-rotated.jpg 480w, https:\/\/regulastaempfli.eu\/wp-content\/uploads\/2022\/10\/regulastaempfli-2022-swiss-radio-days-225x300.jpg 225w\" sizes=\"auto, (max-width: 480px) 100vw, 480px\" \/><\/figure><div class=\"wp-block-media-text__content\">\n<p class=\"has-large-font-size\">Regula Staempfli macht Zukunft: Podcasterin. Hier an den SWISS RADIO DAYS 2022. <\/p>\n<\/div><\/div>\n\n\n\n<p>LaStaempfli musste sich derartige grobe Fehler noch nie leisten, sie lag nicht einmal mit einer Prognose daneben. H\u00e4tte sie dies in den letzten Jahrzehnten als \u00f6ffentliche Intellektuelle getan: Die Trolls, einige Journalisten und Haters, h\u00e4tten sie dermassen zerfetzt, dass ihre Karriere massiv Schaden erlitten h\u00e4tte. Gl\u00fccklicherweise ist dem nicht so: Von Facebook erz\u00e4hlte ich schon 2007 als DAS POLITMEDIUM, die globale Finanzkrise 2008 sagte ich in der Aargauer Zeitung mit &#8220;Tanzen auf dem Vulkan&#8221; voraus, Elon Musks TWITTER-Schwierigkeiten: &#8220;Er spielt einen B\u00f6rsentrick, den ihn allenfalls schwer schaden k\u00f6nnte&#8221; 2022 und 2011 zum &#8220;algorithmischen Bias&#8221;: &#8220;Die Eroberung der Welt als Zahlenmodell wird uns an den Rand der Zerst\u00f6rung f\u00fchren&#8221; mit Hinblick auf die falschen \u00f6konomischen Anreize in Demokratien und und und: Von &#8220;Trumpism, diesem Ph\u00e4nomen, das die Welt ver\u00e4ndert, ganz zu schweigen&#8221;: Der Welt- und Realit\u00e4tsverlust unserer Zeit liegt in den Codes. <\/p>\n\n\n\n<p><strong>Deshalb hier auch der Befund der SWISS RADIO DAYS 2022: PODCASTS SIND DAS ZUKUNFTSMEDIUM UND HABEN IN DEN USA DIE RADIOSTATIONEN \u00dcBERHOLT. <\/strong><\/p>\n\n\n\n<div class=\"wp-block-media-text alignwide is-stacked-on-mobile\"><figure class=\"wp-block-media-text__media\"><img loading=\"lazy\" decoding=\"async\" width=\"1024\" height=\"768\" src=\"https:\/\/regulastaempfli.eu\/wp-content\/uploads\/2022\/10\/sabrina-darryl-von-daeniken-regulastaempfli-1024x768.jpg\" alt=\"\" class=\"wp-image-9498 size-full\" srcset=\"https:\/\/regulastaempfli.eu\/wp-content\/uploads\/2022\/10\/sabrina-darryl-von-daeniken-regulastaempfli-1024x768.jpg 1024w, https:\/\/regulastaempfli.eu\/wp-content\/uploads\/2022\/10\/sabrina-darryl-von-daeniken-regulastaempfli-300x225.jpg 300w, https:\/\/regulastaempfli.eu\/wp-content\/uploads\/2022\/10\/sabrina-darryl-von-daeniken-regulastaempfli-768x576.jpg 768w, https:\/\/regulastaempfli.eu\/wp-content\/uploads\/2022\/10\/sabrina-darryl-von-daeniken-regulastaempfli-1536x1152.jpg 1536w, https:\/\/regulastaempfli.eu\/wp-content\/uploads\/2022\/10\/sabrina-darryl-von-daeniken-regulastaempfli-400x300.jpg 400w, https:\/\/regulastaempfli.eu\/wp-content\/uploads\/2022\/10\/sabrina-darryl-von-daeniken-regulastaempfli.jpg 2048w\" sizes=\"auto, (max-width: 1024px) 100vw, 1024px\" \/><\/figure><div class=\"wp-block-media-text__content\">\n<p><\/p>\n\n\n\n<p class=\"has-large-font-size\">Sabrina Pesenti &amp; Darryl von D\u00e4niken &amp; Regula Staempfli <\/p>\n<\/div><\/div>\n\n\n\n<p>Dies freut die Podcasterin der ersten Stunde mit 2015: #1968Kritik zusammen mit Stefan M. <strong><em>Seydel, dem Internetpionier der ersten Stunde, dessen Originalit\u00e4t in der Schweiz viel zu wenig gesch\u00e4tzt wird und dem Professor Moritz Klenk, dessen Dissertation &#8220;Sprechendes Denken&#8221; ein Podcast-Projekt war. Bis 2017 trafen wir uns fast w\u00f6chentlich zur  #NoRadioShow, schon da antizipierend, was f\u00fcnf Jahre langsam \u00f6ffentlich wird: Fake News, Trollmaschinen, autorit\u00e4re, repetive Automatismen und die M\u00f6glichkeiten der Revolutionen durch soziale Medien. Seit 2021 f\u00fchrt Regula St\u00e4mpfli mehrere Podcasts, u.a. den schon f\u00fcr den GRIMME-PREIS nomminierten #diepodcastin, zusammen mit der fabelhaften, innovativen Krimibestsellerin und Herausgeberin der Werke von Hedwig Dohm, Dr. Isabel Rohner. <\/em><\/strong><\/p>\n\n\n\n<p><strong>#DIEPODCASTIN IS THE WINNER: JE L\u00c4NGER JE MEHR WERDEN PODCASTS WIE RADIOSTATIONEN GEH\u00d6RT WERDEN. <\/strong> <\/p>\n\n\n\n<figure class=\"wp-block-embed is-type-rich is-provider-twitter wp-block-embed-twitter\"><div class=\"wp-block-embed__wrapper\">\n<blockquote class=\"twitter-tweet\" data-width=\"550\" data-dnt=\"true\"><p lang=\"de\" dir=\"ltr\"><a href=\"https:\/\/twitter.com\/hashtag\/swissradiodays?src=hash&amp;ref_src=twsrc%5Etfw\">#swissradiodays<\/a> Endlich kommt Regula Staempfli dazu, die Trends aufzunehmen: YES. <a href=\"https:\/\/twitter.com\/hashtag\/Podcasts?src=hash&amp;ref_src=twsrc%5Etfw\">#Podcasts<\/a> sind nicht nur alive &amp; kicking: In den USA haben sie sogar konventionelles Radio abgel\u00f6st. <a href=\"https:\/\/twitter.com\/diepodcastin?ref_src=twsrc%5Etfw\">@diepodcastin<\/a> <a href=\"https:\/\/twitter.com\/Rohnerin?ref_src=twsrc%5Etfw\">@Rohnerin<\/a> @medien_kritisch <a href=\"https:\/\/twitter.com\/ZappMM?ref_src=twsrc%5Etfw\">@ZappMM<\/a> <a href=\"https:\/\/t.co\/mhnpgaCw4q\">https:\/\/t.co\/mhnpgaCw4q<\/a> <a href=\"https:\/\/t.co\/YEQEoaMmLg\">pic.twitter.com\/YEQEoaMmLg<\/a><\/p>&mdash; Regula Staempfli &amp; Kurzform laStaempfli (@laStaempfli) <a href=\"https:\/\/twitter.com\/laStaempfli\/status\/1579757934304985088?ref_src=twsrc%5Etfw\">October 11, 2022<\/a><\/blockquote><script async src=\"https:\/\/platform.twitter.com\/widgets.js\" charset=\"utf-8\"><\/script>\n<\/div><\/figure>\n","protected":false},"excerpt":{"rendered":"<p>Das B\u00f6rsenblatt der Frankfurter Buchmesse interviewt die falschen Leute: &#8220;Podcasts bleiben ein Nischenmedium&#8221; meint der Experte Wolfgang Fischler vom literaturcafe.de 2019 siehe Link: https:\/\/www.boersenblatt.net\/archiv\/1735545.html Dies erinnert an den Zukunftsforscher Matthias Horx, der im Jahr 2005 auf einer \u00f6ffentlichen Veranstaltung meinte:\u00a0\u201eVon &hellip; <a href=\"https:\/\/regulastaempfli.eu\/?p=9495\">Weiterlesen <span class=\"meta-nav\">&rarr;<\/span><\/a><\/p>\n","protected":false},"author":1,"featured_media":9497,"comment_status":"closed","ping_status":"closed","sticky":false,"template":"","format":"standard","meta":{"_s2mail":"","footnotes":""},"categories":[7051,6579,5685,8224,5686,5682,8275,5684,7369],"tags":[8370,71],"class_list":["post-9495","post","type-post","status-publish","format-standard","has-post-thumbnail","hentry","category-artisapieceofcake","category-diepodcastin","category-ad-personam","category-codes","category-lehre-vortraege","category-literaturblog","category-nzz","category-politik-philosophie-design-it","category-ta-swiss-future-podcast","tag-podcasterin-politphilosophin-an-den-swiss-radio-days-2022","tag-regula-stampfli"],"_links":{"self":[{"href":"https:\/\/regulastaempfli.eu\/index.php?rest_route=\/wp\/v2\/posts\/9495","targetHints":{"allow":["GET"]}}],"collection":[{"href":"https:\/\/regulastaempfli.eu\/index.php?rest_route=\/wp\/v2\/posts"}],"about":[{"href":"https:\/\/regulastaempfli.eu\/index.php?rest_route=\/wp\/v2\/types\/post"}],"author":[{"embeddable":true,"href":"https:\/\/regulastaempfli.eu\/index.php?rest_route=\/wp\/v2\/users\/1"}],"replies":[{"embeddable":true,"href":"https:\/\/regulastaempfli.eu\/index.php?rest_route=%2Fwp%2Fv2%2Fcomments&post=9495"}],"version-history":[{"count":4,"href":"https:\/\/regulastaempfli.eu\/index.php?rest_route=\/wp\/v2\/posts\/9495\/revisions"}],"predecessor-version":[{"id":9510,"href":"https:\/\/regulastaempfli.eu\/index.php?rest_route=\/wp\/v2\/posts\/9495\/revisions\/9510"}],"wp:featuredmedia":[{"embeddable":true,"href":"https:\/\/regulastaempfli.eu\/index.php?rest_route=\/wp\/v2\/media\/9497"}],"wp:attachment":[{"href":"https:\/\/regulastaempfli.eu\/index.php?rest_route=%2Fwp%2Fv2%2Fmedia&parent=9495"}],"wp:term":[{"taxonomy":"category","embeddable":true,"href":"https:\/\/regulastaempfli.eu\/index.php?rest_route=%2Fwp%2Fv2%2Fcategories&post=9495"},{"taxonomy":"post_tag","embeddable":true,"href":"https:\/\/regulastaempfli.eu\/index.php?rest_route=%2Fwp%2Fv2%2Ftags&post=9495"}],"curies":[{"name":"wp","href":"https:\/\/api.w.org\/{rel}","templated":true}]}}