{"id":9365,"date":"2022-07-01T09:15:22","date_gmt":"2022-07-01T07:15:22","guid":{"rendered":"https:\/\/regulastaempfli.eu\/?p=9365"},"modified":"2022-07-01T09:23:04","modified_gmt":"2022-07-01T07:23:04","slug":"regula-staempfli-zum-selbstbestimmungsgesetz-deutschland-in-einem-tweet-artikel-folgt-allein-selbstbestimmung-ist-neusprech-pur-totalitaere-privatisierung-von-politik-wie-so-oft-in-der-geschi","status":"publish","type":"post","link":"https:\/\/regulastaempfli.eu\/?p=9365","title":{"rendered":"Regula St\u00e4mpfli zum Selbstbestimmungsgesetz Deutschland: &#8220;Permanenter Sieg auf Kosten der Wirklichkeit.&#8221; Artikel folgt. Allein &#8220;Selbstbestimmung&#8221; ist Neusprech pur &#038; totalit\u00e4re Privatisierung von Politik. Wie so oft in der Geschichte: Wenn Philosoph*innen Welt machen, kommt dabei nur Ideologie heraus&#8230; #JudithButler"},"content":{"rendered":"\n<figure class=\"wp-block-embed is-type-rich is-provider-twitter wp-block-embed-twitter\"><div class=\"wp-block-embed__wrapper\">\nhttps:\/\/twitter.com\/laStaempfli\/status\/1542764062727180288?s=20&#038;t=6Y_XenV9i-I7G9MC83a3_g\n<\/div><\/figure>\n\n\n\n<p>&#8220;Totalitarismen sind nach #HannahArendt &#8216;permanente Siege auf Kosten der Wirklichkeit.&#8221; Wer Geschlecht als Sprechakt definiert, macht MENSCHENBILD &amp; dies von oben, undemokratisch, nicht verhandelt. Gleichzeitig wird das Private, n\u00e4mlich der K\u00f6rper, verstaatlicht gem\u00e4ss neuen Definitionen. Hier wird in Deutschland Demokratie als \u00f6ffentlicher Raum zerst\u00f6rt mit der Ideologie zum Schutz einer Gruppe auf Kosten der Mehrheit von Frauen. <\/p>\n\n\n\n<p>Im Thread der @feministischenpartei sind die Unsichtbarkeiten Frauen betreffend beim Sprechakt-Gesetz aufgef\u00fchrt. Regula St\u00e4mpfli geht viel weiter, indem sie Codes, Totalitarismen, Sprechakte, Ideen der Gegenwart als Hannah Arendt des 21. Jahrhunderts zusammenf\u00fchrt. #HannahArendtLectures by laStaempfli www.hannaharendt.eu<\/p>\n\n\n\n<p>Hier die Auswirkungen des Gesetzes im Ausland: <\/p>\n\n\n\n<figure class=\"wp-block-embed is-type-rich is-provider-twitter wp-block-embed-twitter\"><div class=\"wp-block-embed__wrapper\">\nhttps:\/\/twitter.com\/FeministischeP\/status\/1542487082056257537?s=20&#038;t=XKQqwmr19gGstR81Pd0-Dg\n<\/div><\/figure>\n","protected":false},"excerpt":{"rendered":"<p>&#8220;Totalitarismen sind nach #HannahArendt &#8216;permanente Siege auf Kosten der Wirklichkeit.&#8221; Wer Geschlecht als Sprechakt definiert, macht MENSCHENBILD &amp; dies von oben, undemokratisch, nicht verhandelt. Gleichzeitig wird das Private, n\u00e4mlich der K\u00f6rper, verstaatlicht gem\u00e4ss neuen Definitionen. Hier wird in Deutschland Demokratie &hellip; <a href=\"https:\/\/regulastaempfli.eu\/?p=9365\">Weiterlesen <span class=\"meta-nav\">&rarr;<\/span><\/a><\/p>\n","protected":false},"author":1,"featured_media":9370,"comment_status":"closed","ping_status":"closed","sticky":false,"template":"","format":"standard","meta":{"_s2mail":"","footnotes":""},"categories":[6579,5685,5683,5686,5682,5684,7369],"tags":[8171,8014,8168,8170,5953,8172,6112,5992,8169],"class_list":["post-9365","post","type-post","status-publish","format-standard","has-post-thumbnail","hentry","category-diepodcastin","category-ad-personam","category-kolumnen","category-lehre-vortraege","category-literaturblog","category-politik-philosophie-design-it","category-ta-swiss-future-podcast","tag-feminismus-frauen-unsichtbar","tag-hannaharendtlectures","tag-selbstbestimmung","tag-totalitarismus","tag-trumpism","tag-judith-butler","tag-orf-im-gespraech-regula-staempfli-ueber-die-algorithmisierung-der-welt-und-was-gender-mit-trumpism-demokratie-totalitarismus-codes-zu-tun-haben","tag-regula-staempfli-ueber-judith-butler","tag-regula-staempfli-zum-selbstbestimmungsgesetz-deutschland-in-einem-tweet-artikel-folgt"],"_links":{"self":[{"href":"https:\/\/regulastaempfli.eu\/index.php?rest_route=\/wp\/v2\/posts\/9365","targetHints":{"allow":["GET"]}}],"collection":[{"href":"https:\/\/regulastaempfli.eu\/index.php?rest_route=\/wp\/v2\/posts"}],"about":[{"href":"https:\/\/regulastaempfli.eu\/index.php?rest_route=\/wp\/v2\/types\/post"}],"author":[{"embeddable":true,"href":"https:\/\/regulastaempfli.eu\/index.php?rest_route=\/wp\/v2\/users\/1"}],"replies":[{"embeddable":true,"href":"https:\/\/regulastaempfli.eu\/index.php?rest_route=%2Fwp%2Fv2%2Fcomments&post=9365"}],"version-history":[{"count":8,"href":"https:\/\/regulastaempfli.eu\/index.php?rest_route=\/wp\/v2\/posts\/9365\/revisions"}],"predecessor-version":[{"id":9374,"href":"https:\/\/regulastaempfli.eu\/index.php?rest_route=\/wp\/v2\/posts\/9365\/revisions\/9374"}],"wp:featuredmedia":[{"embeddable":true,"href":"https:\/\/regulastaempfli.eu\/index.php?rest_route=\/wp\/v2\/media\/9370"}],"wp:attachment":[{"href":"https:\/\/regulastaempfli.eu\/index.php?rest_route=%2Fwp%2Fv2%2Fmedia&parent=9365"}],"wp:term":[{"taxonomy":"category","embeddable":true,"href":"https:\/\/regulastaempfli.eu\/index.php?rest_route=%2Fwp%2Fv2%2Fcategories&post=9365"},{"taxonomy":"post_tag","embeddable":true,"href":"https:\/\/regulastaempfli.eu\/index.php?rest_route=%2Fwp%2Fv2%2Ftags&post=9365"}],"curies":[{"name":"wp","href":"https:\/\/api.w.org\/{rel}","templated":true}]}}