{"id":9331,"date":"2022-05-10T13:38:44","date_gmt":"2022-05-10T11:38:44","guid":{"rendered":"https:\/\/regulastaempfli.eu\/?p=9331"},"modified":"2022-05-10T13:38:46","modified_gmt":"2022-05-10T11:38:46","slug":"hannah-arendt-die-freiheit-frei-zu-sein-salongespraech-zwischen-regula-staempfli-thomas-meyer-und-ania-gleich-in-wien-24-5-2022","status":"publish","type":"post","link":"https:\/\/regulastaempfli.eu\/?p=9331","title":{"rendered":"HANNAH ARENDT: DIE FREIHEIT, FREI ZU SEIN. SALONGESPR\u00c4CH ZWISCHEN REGULA ST\u00c4MPFLI, THOMAS MEYER UND ANIA GLEICH IN WIEN, 24.5.2022."},"content":{"rendered":"\n<figure class=\"wp-block-image size-large\"><a href=\"https:\/\/regulastaempfli.eu\/wp-content\/uploads\/2022\/05\/regula-sta\u0308mpfli-thomas-meyer-ania-gleich.png\"><img loading=\"lazy\" decoding=\"async\" width=\"1024\" height=\"547\" src=\"https:\/\/regulastaempfli.eu\/wp-content\/uploads\/2022\/05\/regula-sta\u0308mpfli-thomas-meyer-ania-gleich-1024x547.png\" alt=\"\" class=\"wp-image-9333\" srcset=\"https:\/\/regulastaempfli.eu\/wp-content\/uploads\/2022\/05\/regula-sta\u0308mpfli-thomas-meyer-ania-gleich-1024x547.png 1024w, https:\/\/regulastaempfli.eu\/wp-content\/uploads\/2022\/05\/regula-sta\u0308mpfli-thomas-meyer-ania-gleich-300x160.png 300w, https:\/\/regulastaempfli.eu\/wp-content\/uploads\/2022\/05\/regula-sta\u0308mpfli-thomas-meyer-ania-gleich-768x410.png 768w, https:\/\/regulastaempfli.eu\/wp-content\/uploads\/2022\/05\/regula-sta\u0308mpfli-thomas-meyer-ania-gleich-500x267.png 500w, https:\/\/regulastaempfli.eu\/wp-content\/uploads\/2022\/05\/regula-sta\u0308mpfli-thomas-meyer-ania-gleich.png 1452w\" sizes=\"auto, (max-width: 1024px) 100vw, 1024px\" \/><\/a><figcaption>EIN SALONGESPR\u00c4CH SOWOHL DIREKT ALS AUCH LIVESTREAM MIT DEM HERAUSGEBER DER &#8220;DIE FREIHEIT, FREI ZU SEIN&#8221; THOMAS MEYER UND DER PHILOSOPHIN ANIA GLEICH. LASTAEMPFLI FREUT SICH SEHR AUF DEN 24. MAI 2022 IN WIEN. <\/figcaption><\/figure>\n\n\n\n<p>HANNAH ARENDT WIRD AN DEN UNIVERSIT\u00c4TEN GERNE ZITIERT, NICHT WIRKLICH REZIPIERT, DA WENIG VERSTANDEN. HANNAH ARENDTS SCHRIFTEN SIND POLITISCHE HANDLUNGSANWEISUNGEN IM SINNE DER PRAKTISCHEN PHILOSOPHIE: BEI KEINER ANDEREN DENKERIN LEHRT FRAU\/MANN SO GUT DENKEN &#8211; oder eben auch bei laStaempfli. Deshalb: Kauft das Buch, Sex, Katzen und Di\u00e4ten, dann beginnt Ihr alle auch politisch zu denken. Es ist ein sch\u00f6nes Buch, nicht teuer und dokumentiert das popul\u00e4re Denken, wie es von Regula St\u00e4mpfli klug auf 3000 Zeichen w\u00f6chentlich gefasst wurde. Es ist wirklich schade, dass ein Schweigekartell und eine Blindspirale im Zeitalter fehlender Ambiguit\u00e4ten sich so auswirkt, dass kritisches Denken in den analogen Medien kaum mehr rezipiert wird. <\/p>\n\n\n\n<figure class=\"wp-block-image size-large\"><a href=\"https:\/\/regulastaempfli.eu\/wp-content\/uploads\/2022\/05\/freiheit-arendt-mai.png\"><img loading=\"lazy\" decoding=\"async\" width=\"1024\" height=\"698\" src=\"https:\/\/regulastaempfli.eu\/wp-content\/uploads\/2022\/05\/freiheit-arendt-mai-1024x698.png\" alt=\"\" class=\"wp-image-9332\" srcset=\"https:\/\/regulastaempfli.eu\/wp-content\/uploads\/2022\/05\/freiheit-arendt-mai-1024x698.png 1024w, https:\/\/regulastaempfli.eu\/wp-content\/uploads\/2022\/05\/freiheit-arendt-mai-300x204.png 300w, https:\/\/regulastaempfli.eu\/wp-content\/uploads\/2022\/05\/freiheit-arendt-mai-768x523.png 768w, https:\/\/regulastaempfli.eu\/wp-content\/uploads\/2022\/05\/freiheit-arendt-mai-1536x1047.png 1536w, https:\/\/regulastaempfli.eu\/wp-content\/uploads\/2022\/05\/freiheit-arendt-mai-440x300.png 440w, https:\/\/regulastaempfli.eu\/wp-content\/uploads\/2022\/05\/freiheit-arendt-mai.png 1570w\" sizes=\"auto, (max-width: 1024px) 100vw, 1024px\" \/><\/a><\/figure>\n","protected":false},"excerpt":{"rendered":"<p>HANNAH ARENDT WIRD AN DEN UNIVERSIT\u00c4TEN GERNE ZITIERT, NICHT WIRKLICH REZIPIERT, DA WENIG VERSTANDEN. HANNAH ARENDTS SCHRIFTEN SIND POLITISCHE HANDLUNGSANWEISUNGEN IM SINNE DER PRAKTISCHEN PHILOSOPHIE: BEI KEINER ANDEREN DENKERIN LEHRT FRAU\/MANN SO GUT DENKEN &#8211; oder eben auch bei laStaempfli. &hellip; <a href=\"https:\/\/regulastaempfli.eu\/?p=9331\">Weiterlesen <span class=\"meta-nav\">&rarr;<\/span><\/a><\/p>\n","protected":false},"author":1,"featured_media":9332,"comment_status":"closed","ping_status":"closed","sticky":false,"template":"","format":"standard","meta":{"_s2mail":"","footnotes":""},"categories":[5685,5683,5686,5682,5684,7369],"tags":[8128,8014,8126,8151,8152,7887],"class_list":["post-9331","post","type-post","status-publish","format-standard","has-post-thumbnail","hentry","category-ad-personam","category-kolumnen","category-lehre-vortraege","category-literaturblog","category-politik-philosophie-design-it","category-ta-swiss-future-podcast","tag-hannaharendtbylastaempfli","tag-hannaharendtlectures","tag-hsg-2","tag-ein-salongespraech-sowohl-direkt-als-auch-livestream-mit-dem-herausgeber-der-die-freiheit","tag-frei-zu-sein-thomas-meyer-und-der-philosophin-ania-gleich-lastaempfli-freut-sich-sehr-auf-den-24-mai-2022-in-wien","tag-was-ist-moral-regula-staempfli-antwortet-mit-hannaharendt"],"_links":{"self":[{"href":"https:\/\/regulastaempfli.eu\/index.php?rest_route=\/wp\/v2\/posts\/9331","targetHints":{"allow":["GET"]}}],"collection":[{"href":"https:\/\/regulastaempfli.eu\/index.php?rest_route=\/wp\/v2\/posts"}],"about":[{"href":"https:\/\/regulastaempfli.eu\/index.php?rest_route=\/wp\/v2\/types\/post"}],"author":[{"embeddable":true,"href":"https:\/\/regulastaempfli.eu\/index.php?rest_route=\/wp\/v2\/users\/1"}],"replies":[{"embeddable":true,"href":"https:\/\/regulastaempfli.eu\/index.php?rest_route=%2Fwp%2Fv2%2Fcomments&post=9331"}],"version-history":[{"count":2,"href":"https:\/\/regulastaempfli.eu\/index.php?rest_route=\/wp\/v2\/posts\/9331\/revisions"}],"predecessor-version":[{"id":9335,"href":"https:\/\/regulastaempfli.eu\/index.php?rest_route=\/wp\/v2\/posts\/9331\/revisions\/9335"}],"wp:featuredmedia":[{"embeddable":true,"href":"https:\/\/regulastaempfli.eu\/index.php?rest_route=\/wp\/v2\/media\/9332"}],"wp:attachment":[{"href":"https:\/\/regulastaempfli.eu\/index.php?rest_route=%2Fwp%2Fv2%2Fmedia&parent=9331"}],"wp:term":[{"taxonomy":"category","embeddable":true,"href":"https:\/\/regulastaempfli.eu\/index.php?rest_route=%2Fwp%2Fv2%2Fcategories&post=9331"},{"taxonomy":"post_tag","embeddable":true,"href":"https:\/\/regulastaempfli.eu\/index.php?rest_route=%2Fwp%2Fv2%2Ftags&post=9331"}],"curies":[{"name":"wp","href":"https:\/\/api.w.org\/{rel}","templated":true}]}}