{"id":9288,"date":"2022-04-26T12:11:57","date_gmt":"2022-04-26T10:11:57","guid":{"rendered":"https:\/\/regulastaempfli.eu\/?p=9288"},"modified":"2022-04-26T12:11:58","modified_gmt":"2022-04-26T10:11:58","slug":"salongespraech-freiheit-nach-hannah-arendt-ania-gleich-regula-staempfli-thomas-meyer-24-5-2022-in-wien","status":"publish","type":"post","link":"https:\/\/regulastaempfli.eu\/?p=9288","title":{"rendered":"Salongespr\u00e4ch: FREIHEIT, nach Hannah Arendt. Ania Gleich, Regula St\u00e4mpfli, Thomas Meyer 24.5.2022 in Wien."},"content":{"rendered":"\n<div class=\"wp-block-media-text alignwide is-stacked-on-mobile\"><figure class=\"wp-block-media-text__media\"><a href=\"https:\/\/aktionsradius.at\/content\/de\/kalender#event328\"><img loading=\"lazy\" decoding=\"async\" width=\"1024\" height=\"698\" src=\"https:\/\/regulastaempfli.eu\/wp-content\/uploads\/2022\/04\/freiheit-arendt-mai-1024x698.png\" alt=\"\" class=\"wp-image-9289 size-full\" srcset=\"https:\/\/regulastaempfli.eu\/wp-content\/uploads\/2022\/04\/freiheit-arendt-mai-1024x698.png 1024w, https:\/\/regulastaempfli.eu\/wp-content\/uploads\/2022\/04\/freiheit-arendt-mai-300x204.png 300w, https:\/\/regulastaempfli.eu\/wp-content\/uploads\/2022\/04\/freiheit-arendt-mai-768x523.png 768w, https:\/\/regulastaempfli.eu\/wp-content\/uploads\/2022\/04\/freiheit-arendt-mai-1536x1047.png 1536w, https:\/\/regulastaempfli.eu\/wp-content\/uploads\/2022\/04\/freiheit-arendt-mai-440x300.png 440w, https:\/\/regulastaempfli.eu\/wp-content\/uploads\/2022\/04\/freiheit-arendt-mai.png 1570w\" sizes=\"auto, (max-width: 1024px) 100vw, 1024px\" \/><\/a><\/figure><div class=\"wp-block-media-text__content\">\n<p class=\"has-large-font-size\">Freiheit, nach Hannah Arendt u.a. mit laStaempfli<\/p>\n<\/div><\/div>\n\n\n\n<p>Hier geht es zur Homepage von Aktionsradius Wien: <a href=\"https:\/\/aktionsradius.at\/content\/de\/kalender#event328\" target=\"_blank\" rel=\"noreferrer noopener\">https:\/\/aktionsradius.at\/content\/de\/kalender#event328<\/a><\/p>\n\n\n\n<div class=\"wp-block-media-text alignwide is-stacked-on-mobile\"><figure class=\"wp-block-media-text__media\"><img loading=\"lazy\" decoding=\"async\" width=\"1024\" height=\"547\" src=\"https:\/\/regulastaempfli.eu\/wp-content\/uploads\/2022\/04\/Bildschirmfoto-2022-04-25-um-22.27.41-1024x547.png\" alt=\"\" class=\"wp-image-9290 size-full\" srcset=\"https:\/\/regulastaempfli.eu\/wp-content\/uploads\/2022\/04\/Bildschirmfoto-2022-04-25-um-22.27.41-1024x547.png 1024w, https:\/\/regulastaempfli.eu\/wp-content\/uploads\/2022\/04\/Bildschirmfoto-2022-04-25-um-22.27.41-300x160.png 300w, https:\/\/regulastaempfli.eu\/wp-content\/uploads\/2022\/04\/Bildschirmfoto-2022-04-25-um-22.27.41-768x410.png 768w, https:\/\/regulastaempfli.eu\/wp-content\/uploads\/2022\/04\/Bildschirmfoto-2022-04-25-um-22.27.41-500x267.png 500w, https:\/\/regulastaempfli.eu\/wp-content\/uploads\/2022\/04\/Bildschirmfoto-2022-04-25-um-22.27.41.png 1452w\" sizes=\"auto, (max-width: 1024px) 100vw, 1024px\" \/><\/figure><div class=\"wp-block-media-text__content\">\n<p class=\"has-large-font-size\">Regula St\u00e4mpfli, Thomas Meyer &amp; Ania Gleich am 24. Mai 2022 LIVE in Wien &amp; Digital. <\/p>\n<\/div><\/div>\n\n\n\n<p>Hannah Arendts Essay \u201eDie Freiheit, frei zu sein&#8221; aus den 1960ern<br>wurde im J\u00e4nner 2018 neu aufgelegt, war anschlie\u00dfend<br>wochenlang in den Bestsellerlisten und ist nun Thema unseres<br>Salongespr\u00e4chs. &#8211; Was ist Freiheit, und was bedeutet sie uns?<br>Begreifen wir sie nur als die Abwesenheit von Furcht und von<br>Zw\u00e4ngen, oder meint Freiheit nicht vielmehr auch, sich an<br>gesellschaftlichen Prozessen zu beteiligen, eine eigene politische<br>Stimme zu haben, um von anderen geh\u00f6rt, erkannt und schlie\u00dflich<br>erinnert zu werden? Und: Haben wir diese Freiheit einfach, oder<br>wer gibt sie uns, und kann man sie uns auch wieder wegnehmen?<br>In diesem auf Deutsch bisher unver\u00f6ffentlichten Essay zeichnet<br>Hannah Arendt die historische Entwicklung des Freiheitsbegriffs<br>nach. Dabei ber\u00fccksichtigt sie insbesondere die Revolutionen in<br>Frankreich und Amerika. W\u00e4hrend die eine in eine Katastrophe<br>m\u00fcndete und zu einem Wendepunkt der Geschichte wurde, war<br>die andere ein triumphaler Erfolg und blieb doch eine lokale Angelegenheit. Aber warum?<\/p>\n","protected":false},"excerpt":{"rendered":"<p>Freiheit, nach Hannah Arendt u.a. mit laStaempfli Hier geht es zur Homepage von Aktionsradius Wien: https:\/\/aktionsradius.at\/content\/de\/kalender#event328 Regula St\u00e4mpfli, Thomas Meyer &amp; Ania Gleich am 24. Mai 2022 LIVE in Wien &amp; Digital. Hannah Arendts Essay \u201eDie Freiheit, frei zu sein&#8221; &hellip; <a href=\"https:\/\/regulastaempfli.eu\/?p=9288\">Weiterlesen <span class=\"meta-nav\">&rarr;<\/span><\/a><\/p>\n","protected":false},"author":1,"featured_media":9292,"comment_status":"closed","ping_status":"closed","sticky":false,"template":"","format":"standard","meta":{"_s2mail":"","footnotes":""},"categories":[7051,6579,5685,7040,5683,5686,5682,5684,7369],"tags":[4409,8127,8128,8014,8126,457,88,5470,1969,7378,315,633,4500,2314,3234,8123,71,830,8124,8125],"class_list":["post-9288","post","type-post","status-publish","format-standard","has-post-thumbnail","hentry","category-artisapieceofcake","category-diepodcastin","category-ad-personam","category-clubhouse","category-kolumnen","category-lehre-vortraege","category-literaturblog","category-politik-philosophie-design-it","category-ta-swiss-future-podcast","tag-digitalrevolution","tag-freiheit-2","tag-hannaharendtbylastaempfli","tag-hannaharendtlectures","tag-hsg-2","tag-demokratietheorie","tag-demoskopie","tag-digitale-demokratie","tag-digitale-rechte","tag-digitaltransformation-2","tag-freedom","tag-hannah-arendt","tag-hannah-arendt-staempfli","tag-hannah-arendtpid","tag-hannah-arendtregulastaempfli","tag-nach-hannah-arendt-ania-gleich","tag-regula-stampfli","tag-revolution","tag-salongespraech-freiheit","tag-thomas-meyer-24-5-2022-in-wien"],"_links":{"self":[{"href":"https:\/\/regulastaempfli.eu\/index.php?rest_route=\/wp\/v2\/posts\/9288","targetHints":{"allow":["GET"]}}],"collection":[{"href":"https:\/\/regulastaempfli.eu\/index.php?rest_route=\/wp\/v2\/posts"}],"about":[{"href":"https:\/\/regulastaempfli.eu\/index.php?rest_route=\/wp\/v2\/types\/post"}],"author":[{"embeddable":true,"href":"https:\/\/regulastaempfli.eu\/index.php?rest_route=\/wp\/v2\/users\/1"}],"replies":[{"embeddable":true,"href":"https:\/\/regulastaempfli.eu\/index.php?rest_route=%2Fwp%2Fv2%2Fcomments&post=9288"}],"version-history":[{"count":2,"href":"https:\/\/regulastaempfli.eu\/index.php?rest_route=\/wp\/v2\/posts\/9288\/revisions"}],"predecessor-version":[{"id":9293,"href":"https:\/\/regulastaempfli.eu\/index.php?rest_route=\/wp\/v2\/posts\/9288\/revisions\/9293"}],"wp:featuredmedia":[{"embeddable":true,"href":"https:\/\/regulastaempfli.eu\/index.php?rest_route=\/wp\/v2\/media\/9292"}],"wp:attachment":[{"href":"https:\/\/regulastaempfli.eu\/index.php?rest_route=%2Fwp%2Fv2%2Fmedia&parent=9288"}],"wp:term":[{"taxonomy":"category","embeddable":true,"href":"https:\/\/regulastaempfli.eu\/index.php?rest_route=%2Fwp%2Fv2%2Fcategories&post=9288"},{"taxonomy":"post_tag","embeddable":true,"href":"https:\/\/regulastaempfli.eu\/index.php?rest_route=%2Fwp%2Fv2%2Ftags&post=9288"}],"curies":[{"name":"wp","href":"https:\/\/api.w.org\/{rel}","templated":true}]}}