{"id":9250,"date":"2022-04-02T18:50:40","date_gmt":"2022-04-02T16:50:40","guid":{"rendered":"https:\/\/regulastaempfli.eu\/?p=9250"},"modified":"2022-04-03T08:44:06","modified_gmt":"2022-04-03T06:44:06","slug":"diepodcastin-im-deutschen-podcastpreis-isabel-rohner-regula-staempfli-sind-im-rennen-2022","status":"publish","type":"post","link":"https:\/\/regulastaempfli.eu\/?p=9250","title":{"rendered":"#diepodcastin im deutschen podcastpreis: Isabel Rohner &#038; Regula St\u00e4mpfli sind im Rennen 2022."},"content":{"rendered":"\n<p><strong>Hier geht es zum Deutschen Podcastpreis 2022: Abstimmen <\/strong>: <a rel=\"noreferrer noopener\" href=\"https:\/\/www.deutscher-podcastpreis.de\/podcasts\/die-podcastin-2\/\" target=\"_blank\">https:\/\/www.deutscher-podcastpreis.de\/podcasts\/die-podcastin-2\/<\/a>.<\/p>\n\n\n\n<p>Isabel Rohner &amp; Regula St\u00e4mpfli freuen sich in #diepodcastin \u00fcber Lady Gaga &amp; Liza Minelli, die spanischen Fussballerinnen &amp; deren Weltrekord, \u00fcber &#8220;mater semper certa est&#8221;, Jeannette Pickering Rankin, \u00e4rgern sich \u00fcber m\u00e4nnlichen Nihilismus, Oligarchen &amp; Roboterinnensprache.<\/p>\n\n\n\n<figure class=\"wp-block-image size-large\"><a href=\"https:\/\/diepodcastin.de\/2022\/04\/02\/diepodcastin-im-deutschen-podcastpreis-isabel-rohner-regula-stampfli-sind-im-rennen-feuen-sich-uber-lady-gaga-liza-minelli-die-spanischen-fussballerinnen-deren-weltrekord-mater-semper-certa\/\"><img loading=\"lazy\" decoding=\"async\" width=\"640\" height=\"480\" src=\"https:\/\/regulastaempfli.eu\/wp-content\/uploads\/2022\/04\/diepodcastinfolge102.jpg\" alt=\"\" class=\"wp-image-9252\" srcset=\"https:\/\/regulastaempfli.eu\/wp-content\/uploads\/2022\/04\/diepodcastinfolge102.jpg 640w, https:\/\/regulastaempfli.eu\/wp-content\/uploads\/2022\/04\/diepodcastinfolge102-300x225.jpg 300w, https:\/\/regulastaempfli.eu\/wp-content\/uploads\/2022\/04\/diepodcastinfolge102-400x300.jpg 400w\" sizes=\"auto, (max-width: 640px) 100vw, 640px\" \/><\/a><figcaption>Meret Oppenheim, fotografiert von Regula St\u00e4mpfli 2021: Kunstmuseum Bern. <\/figcaption><\/figure>\n\n\n\n<figure class=\"wp-block-embed is-type-rich is-provider-twitter wp-block-embed-twitter\"><div class=\"wp-block-embed__wrapper\">\nhttps:\/\/twitter.com\/laStaempfli\/status\/1510277945994186755?s=20&#038;t=QnOfNOHI3No6KZ_-PITaKw\n<\/div><\/figure>\n\n\n\n<p><strong>SEXISMUS ENTEIGNET. HIER EIN AKTUELLES BEISPIEL aus der Schweizer Medienszene: Jean-Martin B\u00fcttner schreibt ein sexistisches Portr\u00e4t \u00fcber die bekannteste Kabarettistin Patti Basler.<\/strong> <\/p>\n\n\n\n<figure class=\"wp-block-embed is-type-rich is-provider-twitter wp-block-embed-twitter\"><div class=\"wp-block-embed__wrapper\">\nhttps:\/\/twitter.com\/laStaempfli\/status\/1510270224368795648?s=20&#038;t=QnOfNOHI3No6KZ_-PITaKw\n<\/div><\/figure>\n\n\n\n<figure class=\"wp-block-audio\"><audio controls src=\"https:\/\/regulastaempfli.eu\/wp-content\/uploads\/2022\/04\/igotyou.mp3\"><\/audio><figcaption>Hier die Podcastin von Isabel Rohner &amp; Regula St\u00e4mpfli zum nachh\u00f6ren <a href=\"https:\/\/diepodcastin.de\/2022\/04\/02\/diepodcastin-im-deutschen-podcastpreis-isabel-rohner-regula-stampfli-sind-im-rennen-feuen-sich-uber-lady-gaga-liza-minelli-die-spanischen-fussballerinnen-deren-weltrekord-mater-semper-certa\/\" target=\"_blank\" rel=\"noreferrer noopener\">https:\/\/diepodcastin.de\/2022\/04\/02\/diepodcastin-im-deutschen-podcastpreis-isabel-rohner-regula-stampfli-sind-im-rennen-feuen-sich-uber-lady-gaga-liza-minelli-die-spanischen-fussballerinnen-deren-weltrekord-mater-semper-certa\/<\/a><\/figcaption><\/figure>\n","protected":false},"excerpt":{"rendered":"<p>Hier geht es zum Deutschen Podcastpreis 2022: Abstimmen : https:\/\/www.deutscher-podcastpreis.de\/podcasts\/die-podcastin-2\/. Isabel Rohner &amp; Regula St\u00e4mpfli freuen sich in #diepodcastin \u00fcber Lady Gaga &amp; Liza Minelli, die spanischen Fussballerinnen &amp; deren Weltrekord, \u00fcber &#8220;mater semper certa est&#8221;, Jeannette Pickering Rankin, \u00e4rgern &hellip; <a href=\"https:\/\/regulastaempfli.eu\/?p=9250\">Weiterlesen <span class=\"meta-nav\">&rarr;<\/span><\/a><\/p>\n","protected":false},"author":1,"featured_media":9252,"comment_status":"closed","ping_status":"closed","sticky":false,"template":"","format":"standard","meta":{"_s2mail":"","footnotes":""},"categories":[6579,5685,5683,5686,5684],"tags":[8085,7294,790,6630,7924],"class_list":["post-9250","post","type-post","status-publish","format-standard","has-post-thumbnail","hentry","category-diepodcastin","category-ad-personam","category-kolumnen","category-lehre-vortraege","category-politik-philosophie-design-it","tag-diepodcastin-im-deutschen-podcastpreis-isabel-rohner-regula-staempfli-sind-im-rennen-2022","tag-podcasters","tag-democratic-theory","tag-leerstellen-und-die-werkzeuge-der-macht-podcast-podcaster-diepodcastin-podcaststorecommend-podcastrecommendations","tag-podcaster-podcaster-lastaempfli-rohnerin-digitaltransformation-media-taliban"],"_links":{"self":[{"href":"https:\/\/regulastaempfli.eu\/index.php?rest_route=\/wp\/v2\/posts\/9250","targetHints":{"allow":["GET"]}}],"collection":[{"href":"https:\/\/regulastaempfli.eu\/index.php?rest_route=\/wp\/v2\/posts"}],"about":[{"href":"https:\/\/regulastaempfli.eu\/index.php?rest_route=\/wp\/v2\/types\/post"}],"author":[{"embeddable":true,"href":"https:\/\/regulastaempfli.eu\/index.php?rest_route=\/wp\/v2\/users\/1"}],"replies":[{"embeddable":true,"href":"https:\/\/regulastaempfli.eu\/index.php?rest_route=%2Fwp%2Fv2%2Fcomments&post=9250"}],"version-history":[{"count":8,"href":"https:\/\/regulastaempfli.eu\/index.php?rest_route=\/wp\/v2\/posts\/9250\/revisions"}],"predecessor-version":[{"id":9261,"href":"https:\/\/regulastaempfli.eu\/index.php?rest_route=\/wp\/v2\/posts\/9250\/revisions\/9261"}],"wp:featuredmedia":[{"embeddable":true,"href":"https:\/\/regulastaempfli.eu\/index.php?rest_route=\/wp\/v2\/media\/9252"}],"wp:attachment":[{"href":"https:\/\/regulastaempfli.eu\/index.php?rest_route=%2Fwp%2Fv2%2Fmedia&parent=9250"}],"wp:term":[{"taxonomy":"category","embeddable":true,"href":"https:\/\/regulastaempfli.eu\/index.php?rest_route=%2Fwp%2Fv2%2Fcategories&post=9250"},{"taxonomy":"post_tag","embeddable":true,"href":"https:\/\/regulastaempfli.eu\/index.php?rest_route=%2Fwp%2Fv2%2Ftags&post=9250"}],"curies":[{"name":"wp","href":"https:\/\/api.w.org\/{rel}","templated":true}]}}