{"id":9191,"date":"2022-02-15T19:27:27","date_gmt":"2022-02-15T17:27:27","guid":{"rendered":"https:\/\/regulastaempfli.eu\/?p=9191"},"modified":"2022-02-15T19:27:29","modified_gmt":"2022-02-15T17:27:29","slug":"regula-staempfli-die-konkordanz-hat-gewonnen-weshalb-der-abstimmungssonntag-vom-13-2-2022-good-news-sind","status":"publish","type":"post","link":"https:\/\/regulastaempfli.eu\/?p=9191","title":{"rendered":"Regula St\u00e4mpfli: Die Konkordanz hat gewonnen: Weshalb der Abstimmungssonntag vom 13.2.2022 good news sind."},"content":{"rendered":"\n<div class=\"wp-block-media-text alignwide is-stacked-on-mobile\"><figure class=\"wp-block-media-text__media\"><img loading=\"lazy\" decoding=\"async\" width=\"768\" height=\"1024\" src=\"https:\/\/regulastaempfli.eu\/wp-content\/uploads\/2022\/01\/laStaempfli-urteilskraft.jpg\" alt=\"Regula St\u00e4mpfli in der Abstimmungsanalyse\" class=\"wp-image-9124 size-full\" srcset=\"https:\/\/regulastaempfli.eu\/wp-content\/uploads\/2022\/01\/laStaempfli-urteilskraft.jpg 768w, https:\/\/regulastaempfli.eu\/wp-content\/uploads\/2022\/01\/laStaempfli-urteilskraft-225x300.jpg 225w\" sizes=\"auto, (max-width: 768px) 100vw, 768px\" \/><\/figure><div class=\"wp-block-media-text__content\">\n<p class=\"has-large-font-size\">Regula St\u00e4mpfli: Die Konkordanz hat gegen Trumpism &amp; Polarisierung gewonnen.<\/p>\n<\/div><\/div>\n\n\n\n<p>Die Politologin Dr.&nbsp;<strong>Regula St\u00e4mpfli<\/strong>&nbsp;analysiert f\u00fcr den Klein Report den&nbsp;<a href=\"http:\/\/www.kleinreport.ch\/news\/ablehnung-des-mediengesetzes-nach-der-abstimmung-ist-vor-der-abstimmung-98898\/\">Abstimmungssonntag<\/a>&nbsp;sowie die Kommentare von Journalisten, Pollsters und Regierung.&nbsp;<\/p>\n\n\n\n<p>Ihr Fazit: Die Stimmenden haben die Polarisierung satt. Eine Polarisierung, die offenbar Experten, Medien und Politiker weiter pushen wollen.<\/p>\n\n\n\n<p>In Zeiten von \u00abTrumpism\u00bb (laStaempfli), der politischen Polarisierung, die alle Menschen in ideologische Klickmaschinen umwandelt, verlieren Polit-Profis immer mehr das Augenmass. Die Korrespondentin der \u00abS\u00fcddeutschen Zeitung\u00bb (12. Februar 2022) \u2013 der TX-Group mittels Kooperation eng verbunden \u2013 behauptet mit dem Politologen<strong>&nbsp;Adrian Vatter<\/strong>, dass \u00abnur noch finanz- und zahlungskr\u00e4ftige Organisationen\u00bb das Sammeln von Unterschriften leisten k\u00f6nnen und \u00abdie Menge an Abstimmungen\u00bb die \u00abEinheimische nerven\u00bb w\u00fcrde.&nbsp;<\/p>\n\n\n\n<p>Mit Verlaub, woher kommen derart absurde Interpretation?\u00a0Weiterlesen auf <a href=\"http:\/\/www.kleinreport.ch\/news\/konkordanz-demokratie-durchs-stimmvolk-98912\/\" target=\"_blank\" rel=\"noreferrer noopener\">http:\/\/www.kleinreport.ch\/news\/konkordanz-demokratie-durchs-stimmvolk-98912\/<\/a><\/p>\n","protected":false},"excerpt":{"rendered":"<p>Regula St\u00e4mpfli: Die Konkordanz hat gegen Trumpism &amp; Polarisierung gewonnen. Die Politologin Dr.&nbsp;Regula St\u00e4mpfli&nbsp;analysiert f\u00fcr den Klein Report den&nbsp;Abstimmungssonntag&nbsp;sowie die Kommentare von Journalisten, Pollsters und Regierung.&nbsp; Ihr Fazit: Die Stimmenden haben die Polarisierung satt. Eine Polarisierung, die offenbar Experten, Medien &hellip; <a href=\"https:\/\/regulastaempfli.eu\/?p=9191\">Weiterlesen <span class=\"meta-nav\">&rarr;<\/span><\/a><\/p>\n","protected":false},"author":1,"featured_media":8827,"comment_status":"closed","ping_status":"closed","sticky":false,"template":"","format":"standard","meta":{"_s2mail":"","footnotes":""},"categories":[6579,5685,5683,5686,5684],"tags":[7929,7931,322,454,7932,7928,7930],"class_list":["post-9191","post","type-post","status-publish","format-standard","has-post-thumbnail","hentry","category-diepodcastin","category-ad-personam","category-kolumnen","category-lehre-vortraege","category-politik-philosophie-design-it","tag-medien-demokratie-2","tag-februar2022","tag-lastaempfli","tag-politologin","tag-regula-staempfli-ueber-direkte-demokratie","tag-regula-staempfli-die-konkordanz-hat-gewonnen-weshalb-der-abstimmungssonntag-vom-13-2-2022-good-news-sind","tag-umfragedemokratie"],"_links":{"self":[{"href":"https:\/\/regulastaempfli.eu\/index.php?rest_route=\/wp\/v2\/posts\/9191","targetHints":{"allow":["GET"]}}],"collection":[{"href":"https:\/\/regulastaempfli.eu\/index.php?rest_route=\/wp\/v2\/posts"}],"about":[{"href":"https:\/\/regulastaempfli.eu\/index.php?rest_route=\/wp\/v2\/types\/post"}],"author":[{"embeddable":true,"href":"https:\/\/regulastaempfli.eu\/index.php?rest_route=\/wp\/v2\/users\/1"}],"replies":[{"embeddable":true,"href":"https:\/\/regulastaempfli.eu\/index.php?rest_route=%2Fwp%2Fv2%2Fcomments&post=9191"}],"version-history":[{"count":2,"href":"https:\/\/regulastaempfli.eu\/index.php?rest_route=\/wp\/v2\/posts\/9191\/revisions"}],"predecessor-version":[{"id":9193,"href":"https:\/\/regulastaempfli.eu\/index.php?rest_route=\/wp\/v2\/posts\/9191\/revisions\/9193"}],"wp:featuredmedia":[{"embeddable":true,"href":"https:\/\/regulastaempfli.eu\/index.php?rest_route=\/wp\/v2\/media\/8827"}],"wp:attachment":[{"href":"https:\/\/regulastaempfli.eu\/index.php?rest_route=%2Fwp%2Fv2%2Fmedia&parent=9191"}],"wp:term":[{"taxonomy":"category","embeddable":true,"href":"https:\/\/regulastaempfli.eu\/index.php?rest_route=%2Fwp%2Fv2%2Fcategories&post=9191"},{"taxonomy":"post_tag","embeddable":true,"href":"https:\/\/regulastaempfli.eu\/index.php?rest_route=%2Fwp%2Fv2%2Ftags&post=9191"}],"curies":[{"name":"wp","href":"https:\/\/api.w.org\/{rel}","templated":true}]}}