{"id":9186,"date":"2022-02-15T19:17:59","date_gmt":"2022-02-15T17:17:59","guid":{"rendered":"https:\/\/regulastaempfli.eu\/?p=9186"},"modified":"2022-02-15T19:18:01","modified_gmt":"2022-02-15T17:18:01","slug":"isabel-rohner-regula-staempfli-in-ihrem-feministischen-wochenrueckblick-junge-dame-baerbock-taliban-in-genf-neue-studie-der-malisa-stiftung-boese-frauen","status":"publish","type":"post","link":"https:\/\/regulastaempfli.eu\/?p=9186","title":{"rendered":"Isabel Rohner &#038; Regula St\u00e4mpfli in ihrem feministischen Wochenr\u00fcckblick: &#8220;Junge Dame&#8221; Baerbock, Taliban in Genf, neue Studie der malisa-Stiftung &#038; b\u00f6se(?) Frauen."},"content":{"rendered":"\n<p><strong>#diepodcastin medienkritisch: Isabel Rohner &amp; Regula St\u00e4mpfli \u00fcber \u201cjunge Dame\u201d Annalena Baerbock, mit inhaltlicher Kritik an der Aussenministerin Stichwort Israelbesuch, \u00fcber den Talibanbesuch in der Schweiz, die neue Studie der malisa-Stiftung und b\u00f6se Frauenfiguren.<\/strong>Isabel Rohner und Regula St\u00e4mpfli diskutieren zu Beginn das Eingangszitat: Ist das Leben \u201cwie vorgestern\u201d wirklich so schlimm &amp; hat sich nicht manchmal die Gleichstellung von Frauen in den R\u00fcckw\u00e4rtsgang gelegt? laStaempfli bringt zun\u00e4chst \u201cgood news\u201d: Die verstorbene Ikone und Neu-Erfinderin des Tanztheaters, Pina Bausch kann mit Tuasenden Fotos und Videos ihrer Inszenierungen nacherlebt werden: pinabausch.org \u2013 wunderbar.Dann kommen wir mit der Rohnerin zur goldenen Schrumpelgurke der Woche: Der mehrfach ausgezeichnete Journalist Christoph von Marschall war diese Woche im Morgenmagazin zu Gast und sollte dort ein Foto von Au\u00dfenministerin Baerbock an der ukrainischen Frontlinie beschreiben. Er tat dies denkbar entlarvend: \u201cdiese junge Dame, die unsere Au\u00dfenministerin ist\u201d. Die Rohnerin findet:&nbsp;<strong>Erneut ein Beispiel daf\u00fcr, dass insbesondere m\u00e4nnlichen Journalisten die Sprache fehlt, wenn es um Frauen bzw. in diesem Fall um machtvolle Frauen geht. Oder haben Sie schon mal mitbekommen, dass von Jens Spahn oder Christian Lindner von \u201cdieser junge Herr, der unser Gesundheits- bzw. Finanzminister ist\u201d gesprochen wurde? Kein Zufall.<\/strong>laSt\u00e4mpfli weist klug darauf hin, dass es hier einzig um die Sprache geht und nicht um die Bewertung der politischen Arbeit der Au\u00dfenministerin. Da gibt es, gerade mit Blick auf Ihre Besuche im Nahen Osten und ihre Twitterei nach ihrem Besuch bei Mahmud Abbas durchaus viele Punkte, die kritisiert werden m\u00fcssen. Dies f\u00fchrt zum dunklen Teil dieser Folge, in der laStaempfli unter anderem auch die fehlende Sprache bez\u00fcglich Islamismus-Beurteilung von Taliban oder auch den Massenm\u00f6rdern in Paris geht: Es ist nicht einzusehen, wie MeToo in den westlichen Demokratien zu recht ein grosses Thema ist, gleichzeitig bei allen islamistischen Regimes so getan wird als g\u00e4be es keinen Antisemitismus &amp; Antifeminismus \u2013 diese Leerstellen schmerzen, ebenso wie der Auftritt der Aussenministerin in Pal\u00e4stina, gelinde gesagt, ungl\u00fccklich war in laStaempflis Augen.<\/p>\n\n\n\n<figure class=\"wp-block-embed is-type-rich is-provider-twitter wp-block-embed-twitter\"><div class=\"wp-block-embed__wrapper\">\nhttps:\/\/twitter.com\/Rohnerin\/status\/1493129796599091200?s=20&#038;t=bPSJh8_w-RlIeG7k4rhEQw\n<\/div><\/figure>\n\n\n\n<p>Der \u00dcbergang f\u00e4llt der #diepodcastin schwer, doch sie schaffen es aus den Abgr\u00fcnden des industriellen Massenmordes damals und der Frauenvernichtungsregimes heute in der Medienkritik von heute anzukommen:Die Rohnerin berichtet \u00fcber die neueste Studie der Malisa-Stiftung in Kooperation mit dem Lehrstuhl von Prof. Elizabeth Prommer von der Uni Rostock zur Repr\u00e4sentanz von Frauen im deutschen Film. Die positive Nachricht: Seit der letzten Untersuchung ist die Repr\u00e4sentanz von Frauen um 5 % gestiegen. Bei \u201czentralen Rollen\u201d liegen M\u00e4nner und Frauen inzwischen fast gleich auf (53 % M\u00e4nner vrs. 47 % Frauen). Die schlechte Nachricht:\u00a0<strong>Frauen werden nach wie vor vor allem jung, schlank und als Partnerin eines Mannes inszeniert.<\/strong>\u00a0W\u00e4hrend M\u00e4nnerfiguren erkennbare Berufe oder Hobbys haben, auch mal \u00fcbergewichtig sein d\u00fcrfen und auch mit \u00fcber 50 noch pr\u00e4sent sind, fehlt diese Vielfalt bei Frauen komplett. Und je \u00e4lter Frauen werden, umso mehr muss man sie auf den Leinw\u00e4nden suchen. Isabel Rohner und Regula St\u00e4mpfli verweisen gerne auf den hervorragenden Artikel, den Silke Burmester hierzu auf zeit-online ver\u00f6ffentlicht hat (Link unten). Wir wollen viel mehr Vielfalt an Frauenfiguren!<strong>Das Bild zur Folge stammt aus der Ausstellung im schweizerischen Nationalmuseum: Menschen \u2013 in Stein gemeisselt: Eine \u00fcber sechstausendjahrealte Frauenfigur, fotografiert von laStaempfli.\u00a0<\/strong>Sichtbarkeit der Frauen \u2013 wunderbar, schon vor Tausenden von Jahren.<\/p>\n\n\n\n<figure class=\"wp-block-audio\"><audio controls src=\"https:\/\/diepodcastin.de\/2022\/02\/12\/diepodcastin-medienkritisch-isabel-rohner-regula-stampfli-uber-junge-dame-annalena-baerbock-mit-inhaltlicher-kritik-an-der-aussenministerin-stichwort-israelbesuch-uber-den-talibanbesuch-in-d\/\"><\/audio><figcaption>#diepodcastin: Isabel Rohner und Regula St\u00e4mpfli am 12. Februar 2022 \u00fcber Annalena Baerbock &amp; Medienimage, den Taliban-Besuch in Genf, die Leerstellen der Berichterstattung und die beiden klugen Frauen, die Rohnerin und laStaempfli sind sich wieder k\u00f6stlich uneinig \u00fcber Elena Ferrante. <\/figcaption><\/figure>\n\n\n\n<div class=\"wp-block-media-text alignwide is-stacked-on-mobile\"><figure class=\"wp-block-media-text__media\"><a href=\"https:\/\/diepodcastin.de\/2022\/02\/12\/diepodcastin-medienkritisch-isabel-rohner-regula-stampfli-uber-junge-dame-annalena-baerbock-mit-inhaltlicher-kritik-an-der-aussenministerin-stichwort-israelbesuch-uber-den-talibanbesuch-in-d\/\"><img loading=\"lazy\" decoding=\"async\" width=\"752\" height=\"1018\" src=\"https:\/\/regulastaempfli.eu\/wp-content\/uploads\/2022\/02\/insteingemeisselt2.png\" alt=\"\" class=\"wp-image-9188 size-full\" srcset=\"https:\/\/regulastaempfli.eu\/wp-content\/uploads\/2022\/02\/insteingemeisselt2.png 752w, https:\/\/regulastaempfli.eu\/wp-content\/uploads\/2022\/02\/insteingemeisselt2-222x300.png 222w\" sizes=\"auto, (max-width: 752px) 100vw, 752px\" \/><\/a><\/figure><div class=\"wp-block-media-text__content\">\n<p class=\"has-large-font-size\">Frau &#8211; in Stein gemeisselt. Ber\u00fchrend sch\u00f6n &amp; sichtbar. Es gab sie schon immer: Die tollen Frauen. <\/p>\n<\/div><\/div>\n","protected":false},"excerpt":{"rendered":"<p>#diepodcastin medienkritisch: Isabel Rohner &amp; Regula St\u00e4mpfli \u00fcber \u201cjunge Dame\u201d Annalena Baerbock, mit inhaltlicher Kritik an der Aussenministerin Stichwort Israelbesuch, \u00fcber den Talibanbesuch in der Schweiz, die neue Studie der malisa-Stiftung und b\u00f6se Frauenfiguren.Isabel Rohner und Regula St\u00e4mpfli diskutieren zu &hellip; <a href=\"https:\/\/regulastaempfli.eu\/?p=9186\">Weiterlesen <span class=\"meta-nav\">&rarr;<\/span><\/a><\/p>\n","protected":false},"author":1,"featured_media":0,"comment_status":"closed","ping_status":"closed","sticky":false,"template":"","format":"standard","meta":{"_s2mail":"","footnotes":""},"categories":[6579,5685,7040,5683,5686,5684],"tags":[7926,7925,7287,7927,7493,7923,7924,7922,7921],"class_list":["post-9186","post","type-post","status-publish","format-standard","hentry","category-diepodcastin","category-ad-personam","category-clubhouse","category-kolumnen","category-lehre-vortraege","category-politik-philosophie-design-it","tag-frauenrechte-2","tag-genf","tag-mediatoo-2","tag-sichtbarkeit-2","tag-women-2","tag-neue-studie-der-malisa-stiftung-boese-frauen","tag-podcaster-podcaster-lastaempfli-rohnerin-digitaltransformation-media-taliban","tag-sabel-rohner-regula-staempfli-in-ihrem-feministischen-wochenrueckblick-junge-dame-baerbock","tag-taliban-in-genf"],"_links":{"self":[{"href":"https:\/\/regulastaempfli.eu\/index.php?rest_route=\/wp\/v2\/posts\/9186","targetHints":{"allow":["GET"]}}],"collection":[{"href":"https:\/\/regulastaempfli.eu\/index.php?rest_route=\/wp\/v2\/posts"}],"about":[{"href":"https:\/\/regulastaempfli.eu\/index.php?rest_route=\/wp\/v2\/types\/post"}],"author":[{"embeddable":true,"href":"https:\/\/regulastaempfli.eu\/index.php?rest_route=\/wp\/v2\/users\/1"}],"replies":[{"embeddable":true,"href":"https:\/\/regulastaempfli.eu\/index.php?rest_route=%2Fwp%2Fv2%2Fcomments&post=9186"}],"version-history":[{"count":2,"href":"https:\/\/regulastaempfli.eu\/index.php?rest_route=\/wp\/v2\/posts\/9186\/revisions"}],"predecessor-version":[{"id":9189,"href":"https:\/\/regulastaempfli.eu\/index.php?rest_route=\/wp\/v2\/posts\/9186\/revisions\/9189"}],"wp:attachment":[{"href":"https:\/\/regulastaempfli.eu\/index.php?rest_route=%2Fwp%2Fv2%2Fmedia&parent=9186"}],"wp:term":[{"taxonomy":"category","embeddable":true,"href":"https:\/\/regulastaempfli.eu\/index.php?rest_route=%2Fwp%2Fv2%2Fcategories&post=9186"},{"taxonomy":"post_tag","embeddable":true,"href":"https:\/\/regulastaempfli.eu\/index.php?rest_route=%2Fwp%2Fv2%2Ftags&post=9186"}],"curies":[{"name":"wp","href":"https:\/\/api.w.org\/{rel}","templated":true}]}}