{"id":9030,"date":"2021-12-05T14:59:26","date_gmt":"2021-12-05T12:59:26","guid":{"rendered":"http:\/\/regulastaempfli.eu\/?p=9030"},"modified":"2021-12-05T14:59:26","modified_gmt":"2021-12-05T12:59:26","slug":"regula-staempfli-ueber-die-angst-nicht-zu-gefallen","status":"publish","type":"post","link":"https:\/\/regulastaempfli.eu\/?p=9030","title":{"rendered":"Regula St\u00e4mpfli \u00fcber die Angst, nicht zu gefallen."},"content":{"rendered":"\n<p>Regula St\u00e4mpfli hat mit der &#8220;Die Vermessung der Frau&#8221; ein Grundlagenwerk \u00fcber Codes, Algorithmen, Kilo- und Jahrgangsverh\u00e4ltnis geschrieben. Dies schon 2013. Unterdessen ist der Druck, zu gefallen, noch gestiegen. Hier ein Essay von laStaempfli in ensuite &#8211; Zeitschrift zu Kunst und Kultur. <a href=\"https:\/\/www.ensuite.ch\/zum-sterben-schoen-von-der-angst-nicht-zu-gefallen\/\" target=\"_blank\" rel=\"noreferrer noopener\">https:\/\/www.ensuite.ch\/zum-sterben-schoen-von-der-angst-nicht-zu-gefallen\/<\/a><\/p>\n\n\n\n<figure class=\"wp-block-embed is-type-rich is-provider-twitter wp-block-embed-twitter\"><div class=\"wp-block-embed__wrapper\">\n<blockquote class=\"twitter-tweet\" data-width=\"550\" data-dnt=\"true\"><p lang=\"de\" dir=\"ltr\"><a href=\"https:\/\/twitter.com\/laStaempfli?ref_src=twsrc%5Etfw\">@laStaempfli<\/a> Essay zur Sch\u00f6nheit &amp; deren Publikation: VON DER ANGST, NICHT ZU GEFALLEN. <a href=\"https:\/\/twitter.com\/ensuite?ref_src=twsrc%5Etfw\">@ensuite<\/a> <a href=\"https:\/\/twitter.com\/dlfkultur?ref_src=twsrc%5Etfw\">@dlfkultur<\/a> @srfkultur <a href=\"https:\/\/twitter.com\/hashtag\/Norm?src=hash&amp;ref_src=twsrc%5Etfw\">#Norm<\/a> <a href=\"https:\/\/twitter.com\/hashtag\/Women?src=hash&amp;ref_src=twsrc%5Etfw\">#Women<\/a> <a href=\"https:\/\/twitter.com\/hashtag\/Beauty?src=hash&amp;ref_src=twsrc%5Etfw\">#Beauty<\/a> <a href=\"https:\/\/twitter.com\/hashtag\/Myth?src=hash&amp;ref_src=twsrc%5Etfw\">#Myth<\/a> <a href=\"https:\/\/twitter.com\/hashtag\/Essay?src=hash&amp;ref_src=twsrc%5Etfw\">#Essay<\/a> <a href=\"https:\/\/t.co\/Iu37DrlM8C\">https:\/\/t.co\/Iu37DrlM8C<\/a> <a href=\"https:\/\/t.co\/D3E8cYsQK8\">pic.twitter.com\/D3E8cYsQK8<\/a><\/p>&mdash; Regula Staempfli &amp; Kurzform laStaempfli (@laStaempfli) <a href=\"https:\/\/twitter.com\/laStaempfli\/status\/1467476842722766848?ref_src=twsrc%5Etfw\">December 5, 2021<\/a><\/blockquote><script async src=\"https:\/\/platform.twitter.com\/widgets.js\" charset=\"utf-8\"><\/script>\n<\/div><\/figure>\n\n\n\n<p>Ein Gespenst geht um: die Angst, nicht zu gefallen. Es gibt unz\u00e4hlige B\u00fccher zum Thema, darunter leider kaum wirklich gute. \u00abMythos Sch\u00f6nheit\u00bb von Naomi Wolf ist sicherlich ein Standardwerk, ebenso wie \u00abFat Is a Feminist Issue\u00bb von Susie Orbach oder \u00abDer Preis des Geldes\u00bb von Christina von Braun. All diese Werke fehlen im Literatur- und Kunstkanon. Ebenso wie John Bergers \u00abSehen\u00bb, das zwar millionenfach gekauft, aber wenig gelehrt wird. Zitiert in den Medien werden unz\u00e4hlige profane Experten und neue Autorinnen, die entsetzlich viel dummes Zeugs zum Thema ver\u00f6ffentlichen. Auch Umberto Eco mit seinem wundersch\u00f6nen Band zur Bellezza, die typischerweise sowohl den \u00dcberbegriff als auch eine sch\u00f6ne Frau bezeichnet, geh\u00f6rt dazu. Der Semiotiker ist zwar ein Gigant punkto Zeichen in Bild und Sprache. Doch er behauptet die ewig g\u00fcltigen Normen von Sch\u00f6nheit. Dabei w\u00fcsste er es doch besser! (&#8230;) Weiterlesen von laStaempfli \u00fcber &#8220;Zum Sterben sch\u00f6n&#8221; im ensuite. <\/p>\n","protected":false},"excerpt":{"rendered":"<p>Regula St\u00e4mpfli \u00fcber die Angst, nicht zu gefallen. <a href=\"https:\/\/regulastaempfli.eu\/?p=9030\">Weiterlesen <span class=\"meta-nav\">&rarr;<\/span><\/a><\/p>\n","protected":false},"author":1,"featured_media":9032,"comment_status":"closed","ping_status":"closed","sticky":false,"template":"","format":"standard","meta":{"_s2mail":"","footnotes":""},"categories":[5685,7040,5683,5682,5684],"tags":[7758,7342,7762,7763,7761,1615,7764,7756,71,7755,7759,7760,7757,211],"class_list":["post-9030","post","type-post","status-publish","format-standard","has-post-thumbnail","hentry","category-ad-personam","category-clubhouse","category-kolumnen","category-literaturblog","category-politik-philosophie-design-it","tag-anpassungsdruck","tag-bodypolitics","tag-christina-von-braun","tag-koerper","tag-kulturwissenschaft","tag-lastaempfli-regula-stampfli","tag-my-body-by-lastaempfli","tag-nicht-zu-gefallen","tag-regula-stampfli","tag-regula-staempfli-ueber-die-angst","tag-trumpism-als-philosophie","tag-trumpismus-als-struktureller-sexismus","tag-unsichtbare-frauen","tag-vermessung-der-frau"],"_links":{"self":[{"href":"https:\/\/regulastaempfli.eu\/index.php?rest_route=\/wp\/v2\/posts\/9030","targetHints":{"allow":["GET"]}}],"collection":[{"href":"https:\/\/regulastaempfli.eu\/index.php?rest_route=\/wp\/v2\/posts"}],"about":[{"href":"https:\/\/regulastaempfli.eu\/index.php?rest_route=\/wp\/v2\/types\/post"}],"author":[{"embeddable":true,"href":"https:\/\/regulastaempfli.eu\/index.php?rest_route=\/wp\/v2\/users\/1"}],"replies":[{"embeddable":true,"href":"https:\/\/regulastaempfli.eu\/index.php?rest_route=%2Fwp%2Fv2%2Fcomments&post=9030"}],"version-history":[{"count":2,"href":"https:\/\/regulastaempfli.eu\/index.php?rest_route=\/wp\/v2\/posts\/9030\/revisions"}],"predecessor-version":[{"id":9033,"href":"https:\/\/regulastaempfli.eu\/index.php?rest_route=\/wp\/v2\/posts\/9030\/revisions\/9033"}],"wp:featuredmedia":[{"embeddable":true,"href":"https:\/\/regulastaempfli.eu\/index.php?rest_route=\/wp\/v2\/media\/9032"}],"wp:attachment":[{"href":"https:\/\/regulastaempfli.eu\/index.php?rest_route=%2Fwp%2Fv2%2Fmedia&parent=9030"}],"wp:term":[{"taxonomy":"category","embeddable":true,"href":"https:\/\/regulastaempfli.eu\/index.php?rest_route=%2Fwp%2Fv2%2Fcategories&post=9030"},{"taxonomy":"post_tag","embeddable":true,"href":"https:\/\/regulastaempfli.eu\/index.php?rest_route=%2Fwp%2Fv2%2Ftags&post=9030"}],"curies":[{"name":"wp","href":"https:\/\/api.w.org\/{rel}","templated":true}]}}