{"id":8816,"date":"2021-08-29T14:31:43","date_gmt":"2021-08-29T12:31:43","guid":{"rendered":"http:\/\/regulastaempfli.eu\/?p=8816"},"modified":"2021-08-29T14:31:43","modified_gmt":"2021-08-29T12:31:43","slug":"regula-staempfli-podcasterin-an-den-swiss-radio-day-27-8-2021","status":"publish","type":"post","link":"https:\/\/regulastaempfli.eu\/?p=8816","title":{"rendered":"Regula St\u00e4mpfli: Podcasterin, an den Swiss Radio Day 27.8.2021"},"content":{"rendered":"\n<div class=\"wp-block-media-text alignwide is-stacked-on-mobile\"><figure class=\"wp-block-media-text__media\"><img loading=\"lazy\" decoding=\"async\" width=\"1024\" height=\"709\" src=\"https:\/\/regulastaempfli.eu\/wp-content\/uploads\/2021\/08\/Bildschirmfoto-2021-08-29-um-14.26.04-1024x709.png\" alt=\"\" class=\"wp-image-8817 size-full\" srcset=\"https:\/\/regulastaempfli.eu\/wp-content\/uploads\/2021\/08\/Bildschirmfoto-2021-08-29-um-14.26.04-1024x709.png 1024w, https:\/\/regulastaempfli.eu\/wp-content\/uploads\/2021\/08\/Bildschirmfoto-2021-08-29-um-14.26.04-300x208.png 300w, https:\/\/regulastaempfli.eu\/wp-content\/uploads\/2021\/08\/Bildschirmfoto-2021-08-29-um-14.26.04-768x531.png 768w, https:\/\/regulastaempfli.eu\/wp-content\/uploads\/2021\/08\/Bildschirmfoto-2021-08-29-um-14.26.04-434x300.png 434w, https:\/\/regulastaempfli.eu\/wp-content\/uploads\/2021\/08\/Bildschirmfoto-2021-08-29-um-14.26.04.png 1143w\" sizes=\"auto, (max-width: 1024px) 100vw, 1024px\" \/><\/figure><div class=\"wp-block-media-text__content\">\n<p class=\"has-large-font-size\">Regula St\u00e4mpfli (Mitte) mit Darryl von D\u00e4niken (links), Head of Swiss Radio Day on 27.8.2021<\/p>\n<\/div><\/div>\n\n\n\n<p>Zitiert von der Homepage radioday.ch : &#8220;Der SwissRadioDay ist das gr\u00f6sste und f\u00fchrendste Branchentreffen der Schweizer Radioindustrie. Dank der grossen Pr\u00e4senz von Entscheidungstr\u00e4gerInnen, RadiomacherInnen und -interessierten ist der SwissRadioDay seit zwei Jahrzehnten der Fixpunkt im Radiojahr. In Fachreferaten, Diskussionen und Workshops werden inhaltliche und technische Branchenneuheiten pr\u00e4sentiert und die Zukunft des Radios diskutiert. Seit 1999 veranstalten die SRG und Privatradios (VSP &amp; RRR) zusammen den SwissRadioDay. Der SwissRadioDay ist die einzige Veranstaltung f\u00fcr Vertreter aller Sprachregionen der Schweiz, die ganz dem Medium Radio gewidmet ist. Auch der Verband Unikom und das DAB+ Netzwerk digris sind im SwissRadioDay eingebunden. Swisscom Broadcast ist der langj\u00e4hriger Presenting Partner und der SwissRadioDay wird weiter unterst\u00fctzt von der SUISA, Swissperform, SwissMediaCast, IFPI und Audion. Der\u00a0<a rel=\"noreferrer noopener\" href=\"https:\/\/4c3558ee-39e7-4fd1-b894-307dd93d82a7.filesusr.com\/ugd\/7665cf_21cb9f56c8484c3d8950373757cbeff9.pdf?index=true\" target=\"_blank\">SwissRadioDay<\/a>\u00a0wird im Auftrag der RadioEvents GmbH, einer gemeinsamen Gesellschaft von der SRG, VSP und RRR, von Darryl von D\u00e4niken organisiert.&#8221; radioday.ch<\/p>\n\n\n\n<p>\u200b<\/p>\n","protected":false},"excerpt":{"rendered":"<p>Regula St\u00e4mpfli: Podcasterin, an den Swiss Radio Day 27.8.2021<br \/>\n <a href=\"https:\/\/regulastaempfli.eu\/?p=8816\">Weiterlesen <span class=\"meta-nav\">&rarr;<\/span><\/a><\/p>\n","protected":false},"author":1,"featured_media":0,"comment_status":"closed","ping_status":"closed","sticky":false,"template":"","format":"standard","meta":{"_s2mail":"","footnotes":""},"categories":[7051,6579,5685,5684,7369],"tags":[7610,7609],"class_list":["post-8816","post","type-post","status-publish","format-standard","hentry","category-artisapieceofcake","category-diepodcastin","category-ad-personam","category-politik-philosophie-design-it","category-ta-swiss-future-podcast","tag-an-den-swiss-radio-day-27-8-2021","tag-regula-staempfli-podcasterin"],"_links":{"self":[{"href":"https:\/\/regulastaempfli.eu\/index.php?rest_route=\/wp\/v2\/posts\/8816","targetHints":{"allow":["GET"]}}],"collection":[{"href":"https:\/\/regulastaempfli.eu\/index.php?rest_route=\/wp\/v2\/posts"}],"about":[{"href":"https:\/\/regulastaempfli.eu\/index.php?rest_route=\/wp\/v2\/types\/post"}],"author":[{"embeddable":true,"href":"https:\/\/regulastaempfli.eu\/index.php?rest_route=\/wp\/v2\/users\/1"}],"replies":[{"embeddable":true,"href":"https:\/\/regulastaempfli.eu\/index.php?rest_route=%2Fwp%2Fv2%2Fcomments&post=8816"}],"version-history":[{"count":4,"href":"https:\/\/regulastaempfli.eu\/index.php?rest_route=\/wp\/v2\/posts\/8816\/revisions"}],"predecessor-version":[{"id":8821,"href":"https:\/\/regulastaempfli.eu\/index.php?rest_route=\/wp\/v2\/posts\/8816\/revisions\/8821"}],"wp:attachment":[{"href":"https:\/\/regulastaempfli.eu\/index.php?rest_route=%2Fwp%2Fv2%2Fmedia&parent=8816"}],"wp:term":[{"taxonomy":"category","embeddable":true,"href":"https:\/\/regulastaempfli.eu\/index.php?rest_route=%2Fwp%2Fv2%2Fcategories&post=8816"},{"taxonomy":"post_tag","embeddable":true,"href":"https:\/\/regulastaempfli.eu\/index.php?rest_route=%2Fwp%2Fv2%2Ftags&post=8816"}],"curies":[{"name":"wp","href":"https:\/\/api.w.org\/{rel}","templated":true}]}}