{"id":8513,"date":"2021-04-29T10:04:37","date_gmt":"2021-04-29T08:04:37","guid":{"rendered":"http:\/\/regulastaempfli.eu\/?p=8513"},"modified":"2021-04-29T10:04:57","modified_gmt":"2021-04-29T08:04:57","slug":"elisabeth-ehrensperger-regula-staempfli-ueber-datenkonsum-im-podcast","status":"publish","type":"post","link":"https:\/\/regulastaempfli.eu\/?p=8513","title":{"rendered":"Elisabeth Ehrensperger &#038; Regula St\u00e4mpfli \u00fcber Datenkonsum im Podcast:"},"content":{"rendered":"\n<p>WWW.TA-SWISS-FUTUREPODCAST.ONLINE<\/p>\n\n\n\n<h1 class=\"wp-block-heading\">Podcast von Elisabeth Ehrensperger TA-SWISS &amp; Regula St\u00e4mpfli swissfuture: Von Medien, Internet, Wirtschaft, gutem Leben, Ethik, Kreditpunkten und Konsum. Ein Jahr sprechendes Denken.<\/h1>\n\n\n\n<p>Data, big &amp; small, brauchen Demokratie: Der Zukunftspodcast zum (un)verantwortungsvollen Datenkonsum von TA-SWISS &amp; swissfuture. Ab April diskutieren Fachleute zweimal monatlich unter der Konzeption von Dr. phil. Regula St\u00e4mpfli (swissfuture) &amp; Dr. rer. pol. Elisabeth Ehrensperger (TA-SWISS) Befunde der Datenwirtschaft.<\/p>\n\n\n\n<div class=\"wp-block-media-text alignwide is-stacked-on-mobile\"><figure class=\"wp-block-media-text__media\"><img loading=\"lazy\" decoding=\"async\" width=\"1024\" height=\"557\" src=\"https:\/\/regulastaempfli.eu\/wp-content\/uploads\/2021\/04\/Bildschirmfoto-2021-04-29-um-10.02.13-1024x557.png\" alt=\"\" class=\"wp-image-8514 size-full\" srcset=\"https:\/\/regulastaempfli.eu\/wp-content\/uploads\/2021\/04\/Bildschirmfoto-2021-04-29-um-10.02.13-1024x557.png 1024w, https:\/\/regulastaempfli.eu\/wp-content\/uploads\/2021\/04\/Bildschirmfoto-2021-04-29-um-10.02.13-300x163.png 300w, https:\/\/regulastaempfli.eu\/wp-content\/uploads\/2021\/04\/Bildschirmfoto-2021-04-29-um-10.02.13-768x418.png 768w, https:\/\/regulastaempfli.eu\/wp-content\/uploads\/2021\/04\/Bildschirmfoto-2021-04-29-um-10.02.13-500x272.png 500w, https:\/\/regulastaempfli.eu\/wp-content\/uploads\/2021\/04\/Bildschirmfoto-2021-04-29-um-10.02.13.png 1234w\" sizes=\"auto, (max-width: 1024px) 100vw, 1024px\" \/><\/figure><div class=\"wp-block-media-text__content\">\n<p class=\"has-large-font-size\">Zukunft Daten Konsum Podcast<\/p>\n<\/div><\/div>\n\n\n\n<p><strong>Ziel des Podcasts<\/strong>: Daten alltagstauglich, popul\u00e4rwissenschaftlich, zukunftsorientiert, kritisch, konsumsensibel, demokratief\u00f6rdernd, vielf\u00e4ltig \u2013 kurz im Hinblick auf die wesentlichen Grundfragen von (un)verantwortlichem Daten-Konsum im Gespr\u00e4ch mit Pers\u00f6nlichkeiten aus unterschiedlichen Fachbereichen zu erkunden. \u201eSprechendes Denken\u201c nannte dies die politische Denkerin Hannah Arendt zum Zweck der theoretischen Erkenntnisgewinnung und praktischen Handlungsorientierung in Gegenwart und Zukunft.<\/p>\n\n\n\n<p><strong>Keywords<\/strong>: Mediendaten &amp; Konsum; Demokratiedaten (Umfragen, Statistiken) und (un)verantwortlicher Konsum; Konsumieren Codes sogar uns?; Datenkonsum als Verschriftlichung der Menschen; Wie k\u00f6nnen Daten Konsum reduzieren?; Memes als Sprachkonsum? Derivatenhandel, Konsum und Nachhaltigkeit? Steigern Daten Konsum?; Wie sieht nachhaltige Digitalwirtschaft aus?; Online- und Offline-Bilanzen von Konsum; Kosten &amp; Preisanalyse von Datenkonsum; Ist Datenkonsum Kulturkonsum?; Akademische Daten im Produktions- oder Konsumzwang?; Sind Daten im milit\u00e4rischen Kontext Konsum oder Produktion?; Die Vermessung von Lebewesen in Konsumpunkten, u.a.<\/p>\n\n\n\n<p><strong>Diese Themen werden mit den f\u00fchrenden K\u00f6pfen unserer Zeit diskutiert, zusammengefasst, in die Zukunft projiziert und in diversen digitalen wie medialen Kan\u00e4len verbreitet. Der TA-SWISSFUTURE-Podcast vermittelt \u2013 digital und analog \u2013 herausragende Denkerinnen und Denker der Schweiz und international einem breiten Publikum.<\/strong><\/p>\n\n\n\n<p>Die&nbsp;SAGW&nbsp;unterst\u00fctzt die zweimal monatlich stattfindende, d.h. 24mal vertiefte, alltagsbezogene und distributiv angelegte Wissensvernetzung und -vermittlung der Partnerorganisationen TA-SWISS und swissfuture zum nachhaltigen Konsum.<strong>&nbsp;Der Podcast steht in der Tradition von Hannah Arendts \u201eSprechendem Denken\u201c \u2013 Sprechen als Mittel der Erkenntnis.<\/strong><\/p>\n\n\n\n<p>Moderation: Dr.phil. Regula St\u00e4mpfli, Zukunftsforscherin, Politphilosophin siehe&nbsp;<a href=\"https:\/\/regulastaempfli.eu\/\" target=\"_blank\" rel=\"noreferrer noopener\">www.regulastaempfli.eu<\/a>.<\/p>\n","protected":false},"excerpt":{"rendered":"<p>WWW.TA-SWISS-FUTUREPODCAST.ONLINE Podcast von Elisabeth Ehrensperger TA-SWISS &amp; Regula St\u00e4mpfli swissfuture: Von Medien, Internet, Wirtschaft, gutem Leben, Ethik, Kreditpunkten und Konsum. Ein Jahr sprechendes Denken. Data, big &amp; small, brauchen Demokratie: Der Zukunftspodcast zum (un)verantwortungsvollen Datenkonsum von TA-SWISS &amp; swissfuture. Ab &hellip; <a href=\"https:\/\/regulastaempfli.eu\/?p=8513\">Weiterlesen <span class=\"meta-nav\">&rarr;<\/span><\/a><\/p>\n","protected":false},"author":1,"featured_media":0,"comment_status":"closed","ping_status":"closed","sticky":false,"template":"","format":"standard","meta":{"_s2mail":"","footnotes":""},"categories":[5685,5684,7369],"tags":[548,7370,1133,6610,71,7371,5469,7312,392],"class_list":["post-8513","post","type-post","status-publish","format-standard","hentry","category-ad-personam","category-politik-philosophie-design-it","category-ta-swiss-future-podcast","tag-daten","tag-elisabeth-ehrensperger","tag-konsum","tag-podcast","tag-regula-stampfli","tag-sagw","tag-swissfuture","tag-ta-swiss","tag-zukunft"],"_links":{"self":[{"href":"https:\/\/regulastaempfli.eu\/index.php?rest_route=\/wp\/v2\/posts\/8513","targetHints":{"allow":["GET"]}}],"collection":[{"href":"https:\/\/regulastaempfli.eu\/index.php?rest_route=\/wp\/v2\/posts"}],"about":[{"href":"https:\/\/regulastaempfli.eu\/index.php?rest_route=\/wp\/v2\/types\/post"}],"author":[{"embeddable":true,"href":"https:\/\/regulastaempfli.eu\/index.php?rest_route=\/wp\/v2\/users\/1"}],"replies":[{"embeddable":true,"href":"https:\/\/regulastaempfli.eu\/index.php?rest_route=%2Fwp%2Fv2%2Fcomments&post=8513"}],"version-history":[{"count":3,"href":"https:\/\/regulastaempfli.eu\/index.php?rest_route=\/wp\/v2\/posts\/8513\/revisions"}],"predecessor-version":[{"id":8517,"href":"https:\/\/regulastaempfli.eu\/index.php?rest_route=\/wp\/v2\/posts\/8513\/revisions\/8517"}],"wp:attachment":[{"href":"https:\/\/regulastaempfli.eu\/index.php?rest_route=%2Fwp%2Fv2%2Fmedia&parent=8513"}],"wp:term":[{"taxonomy":"category","embeddable":true,"href":"https:\/\/regulastaempfli.eu\/index.php?rest_route=%2Fwp%2Fv2%2Fcategories&post=8513"},{"taxonomy":"post_tag","embeddable":true,"href":"https:\/\/regulastaempfli.eu\/index.php?rest_route=%2Fwp%2Fv2%2Ftags&post=8513"}],"curies":[{"name":"wp","href":"https:\/\/api.w.org\/{rel}","templated":true}]}}