{"id":8414,"date":"2021-03-22T14:34:50","date_gmt":"2021-03-22T12:34:50","guid":{"rendered":"http:\/\/regulastaempfli.eu\/?p=8414"},"modified":"2021-03-22T14:34:55","modified_gmt":"2021-03-22T12:34:55","slug":"diepodcastin-isabel-rohner-regula-staempfli-ueber-codes-wahlen-frauen-medien-mediatoo","status":"publish","type":"post","link":"https:\/\/regulastaempfli.eu\/?p=8414","title":{"rendered":"#diepodcastin: Isabel Rohner &#038; Regula St\u00e4mpfli \u00fcber Codes, Wahlen, Frauen, Medien, #MediaToo"},"content":{"rendered":"<div>#diepodcastin: Isabel Rohner &amp; Regula St\u00e4mpfli \u00fcber Codes, Wahlen, Frauen, Medien, #MediaToo<\/div>\n<div><strong>#diepodcastin schockiert: Isabel Rohner &amp; Regula St\u00e4mpfli \u00fcber omnipr\u00e4sente Expertenm\u00e4nner, Wahlen Baden-W\u00fcrttemberg, sexistische Wahlmechanismen, Julian Reichelt in \u201cDie Zeit\u201d, antifeministische ANNABELLE-Umfrage, algorithmische Formelfabeln.<\/strong><\/div>\n<div>&nbsp;<\/div>\n<div><strong>Die Rohnerin in absoluter Topform mit der besten Gender-Analyse der Wahlen von Baden-W\u00fcrttemberg inklusive Medienkritik.<\/strong>&nbsp;#diepodcastin realisiert einmal mehr, wie diskriminierend Medienberichte zu Kandidatinnen sind.&nbsp;<strong>laStaempfli<\/strong>&nbsp;\u00fcber die Referenz&nbsp;<strong>zwischen falschen Daten und echten Lebewesen<\/strong>. Wahrheit hat nach Hannah Arendt mit Wirklichkeit zu tun, ergo: Die Medienvers\u00e4umnisse sind technisch gemacht:&nbsp;<strong>Codierter Sexismus<\/strong>. Politisch brauchen wir:&nbsp;<strong>No Data Without Representation<\/strong>, individuell als Frauen: Bots, Programme, die Frauentweets verlinken und so GenderGAP wenigstens ein bisschen ver\u00e4ndern: Regula St\u00e4mpfli Zitat:&nbsp;<strong>Die algorithmischen Formelfabeln etablieren die totalit\u00e4re rassistische und sexistische Herrschaftsideologie hashtag und hyperlinkkonform:&nbsp;<\/strong>Maschinen werden automatisiert.\u201d Stecken wir Vorurteile rein, kommen Vorurteile raus.<\/div>\n<div><a href=\"http:\/\/diepodcastin.de\/2021\/03\/20\/diepodcastin-schockiert-isabel-rohner-regula-staempfli-ueber-omnipraesente-expertenmaenner-wahlen-baden-wuerttemberg-sexistische-wahlmechanismen-julian-reichelt-in-die-zeit-antifeministisc\/\"><img loading=\"lazy\" decoding=\"async\" class=\"alignleft size-full wp-image-8415\" src=\"https:\/\/regulastaempfli.eu\/wp-content\/uploads\/2021\/03\/bild-postin-e1616246593321-762x500.jpg\" alt=\"bild-postin-e1616246593321-762x500\" width=\"762\" height=\"500\" srcset=\"https:\/\/regulastaempfli.eu\/wp-content\/uploads\/2021\/03\/bild-postin-e1616246593321-762x500.jpg 762w, https:\/\/regulastaempfli.eu\/wp-content\/uploads\/2021\/03\/bild-postin-e1616246593321-762x500-300x197.jpg 300w, https:\/\/regulastaempfli.eu\/wp-content\/uploads\/2021\/03\/bild-postin-e1616246593321-762x500-457x300.jpg 457w\" sizes=\"auto, (max-width: 762px) 100vw, 762px\" \/><\/a><\/div>\n<div><strong>Die Rohnerin nimmt den Faden auf und analysiert die ANNABELLE-Umfrage (\u00e4hnlich der deutschen Zeitschrift BRIGITTE) messerscharf: \u201c\u00dcber 56 Prozent Frauen geben an, sich nicht selber finanzieren zu k\u00f6nnen. Jede 5. Frau sagt, aufgrund finanzieller Abh\u00e4ngigkeit in Partnerschaften zu bleiben. Dies im Artikel fast unkommentiert und zusammenhangslos zu rezipieren, ist schockierend unpolitisch.\u201d #diepodcastin stellt die Ignoranz von geltenden Normen, Zw\u00e4ngen, Ohnmachten von Frauen fest.<\/strong><\/div>\n<div>&nbsp;<\/div>\n<div><em>Es gilt, die Situationen zu ver\u00e4ndern, deshalb: Verlinkt, puscht FRAUEN. Wenn wir es nicht tun, tut es nicht nur niemand, sondern verwendet die meisten Publikationen f\u00fcr R\u00fcckschritte.<\/em><\/div>\n","protected":false},"excerpt":{"rendered":"<p>#diepodcastin: Isabel Rohner &amp; Regula St\u00e4mpfli \u00fcber Codes, Wahlen, Frauen, Medien, #MediaToo #diepodcastin schockiert: Isabel Rohner &amp; Regula St\u00e4mpfli \u00fcber omnipr\u00e4sente Expertenm\u00e4nner, Wahlen Baden-W\u00fcrttemberg, sexistische Wahlmechanismen, Julian Reichelt in \u201cDie Zeit\u201d, antifeministische ANNABELLE-Umfrage, algorithmische Formelfabeln. &nbsp; Die Rohnerin in absoluter &hellip; <a href=\"https:\/\/regulastaempfli.eu\/?p=8414\">Weiterlesen <span class=\"meta-nav\">&rarr;<\/span><\/a><\/p>\n","protected":false},"author":1,"featured_media":0,"comment_status":"closed","ping_status":"closed","sticky":false,"template":"","format":"standard","meta":{"_s2mail":"yes","footnotes":""},"categories":[6579,5685,5684],"tags":[7018,7019,7024,7023,7026,224,7027,7022,128,7028,7021,7020,7025],"class_list":["post-8414","post","type-post","status-publish","format-standard","hentry","category-diepodcastin","category-ad-personam","category-politik-philosophie-design-it","tag-diepodcastin-isabel-rohner-regula-staempfli-ueber-wahlen","tag-mediatoo-diepodcastin-schockiert-isabel-rohner-regula-staempfli-ueber-omnipraesente-expertenmaenner","tag-algorithmische-formelfabeln-die-rohnerin-in-absoluter-topform-mit-der-besten-gender-analyse-der-wahlen-von-baden-wuerttemberg-inklusive-medienkritik-diepodcastin-realisiert-einmal-mehr","tag-antifeministische-annabelle-umfrage","tag-ergo-die-medienversaeumnisse-sind-technisch-gemacht-codierter-sexismus-politisch-brauchen-wir-no-data-without-representation","tag-frauen","tag-individuell-als-frauen-bots","tag-julian-reichelt-in-die-zeit","tag-medien","tag-programme","tag-sexistische-wahlmechanismen","tag-wahlen-baden-wuerttemberg","tag-wie-diskriminierend-medienberichte-zu-kandidatinnen-sind-lastaempfli-ueber-die-referenz-zwischen-falschen-daten-und-echten-lebewesen-wahrheit-hat-nach-hannah-arendt-mit-wirklichkeit-zu-tun"],"_links":{"self":[{"href":"https:\/\/regulastaempfli.eu\/index.php?rest_route=\/wp\/v2\/posts\/8414","targetHints":{"allow":["GET"]}}],"collection":[{"href":"https:\/\/regulastaempfli.eu\/index.php?rest_route=\/wp\/v2\/posts"}],"about":[{"href":"https:\/\/regulastaempfli.eu\/index.php?rest_route=\/wp\/v2\/types\/post"}],"author":[{"embeddable":true,"href":"https:\/\/regulastaempfli.eu\/index.php?rest_route=\/wp\/v2\/users\/1"}],"replies":[{"embeddable":true,"href":"https:\/\/regulastaempfli.eu\/index.php?rest_route=%2Fwp%2Fv2%2Fcomments&post=8414"}],"version-history":[{"count":1,"href":"https:\/\/regulastaempfli.eu\/index.php?rest_route=\/wp\/v2\/posts\/8414\/revisions"}],"predecessor-version":[{"id":8416,"href":"https:\/\/regulastaempfli.eu\/index.php?rest_route=\/wp\/v2\/posts\/8414\/revisions\/8416"}],"wp:attachment":[{"href":"https:\/\/regulastaempfli.eu\/index.php?rest_route=%2Fwp%2Fv2%2Fmedia&parent=8414"}],"wp:term":[{"taxonomy":"category","embeddable":true,"href":"https:\/\/regulastaempfli.eu\/index.php?rest_route=%2Fwp%2Fv2%2Fcategories&post=8414"},{"taxonomy":"post_tag","embeddable":true,"href":"https:\/\/regulastaempfli.eu\/index.php?rest_route=%2Fwp%2Fv2%2Ftags&post=8414"}],"curies":[{"name":"wp","href":"https:\/\/api.w.org\/{rel}","templated":true}]}}