{"id":8397,"date":"2021-03-14T11:01:39","date_gmt":"2021-03-14T09:01:39","guid":{"rendered":"http:\/\/regulastaempfli.eu\/?p=8397"},"modified":"2021-03-14T11:01:39","modified_gmt":"2021-03-14T09:01:39","slug":"diepodcastin-zu-macht-sexismus-misogynie-bei-tamedia-bild-u-a-isabel-rohner-regula-staempfli-ueber-medienstrukturen","status":"publish","type":"post","link":"https:\/\/regulastaempfli.eu\/?p=8397","title":{"rendered":"#DiePodcastin zu Macht, Sexismus, Misogynie bei Tamedia, BILD u.a.: Isabel Rohner &#038; Regula St\u00e4mpfli \u00fcber Medienstrukturen"},"content":{"rendered":"<div><strong>#DiePodcastin zu Macht, Sexismus, Misogynie bei Tamedia, BILD u.a.: Isabel Rohner &amp; Regula St\u00e4mpfli \u00fcber Medienstrukturen.&nbsp;<\/strong>Was f\u00fcr eine Woche! Am 5. M\u00e4rz 2021 haben sich 78 (!) Journalistinnen der Tamedia-Gruppe (= eines der wichtigsten und gr\u00f6\u00dften Verlagsh\u00e4user in der Schweiz, zu der mehrere einflussreiche Tages- und Wochenzeitungen geh\u00f6ren) in einem&nbsp;<em>Offenen Brief<\/em>&nbsp;an die&nbsp;<strong>Gesch\u00e4ftsleitung und Chefredaktion<\/strong>&nbsp;gewendet und den strukturellen Sexismus in den Redaktionen beklagt. I<strong>hr Brief enth\u00e4lt dabei konkrete Forderungen und einen 7-seitigen Anhang mit konkreten Vorf\u00e4llen von Sexismus: von sexistischen Spr\u00fcchen bis zur Verhinderung feministischer Berichterstattung und zu massiver Lohnungerechtigkeit. laStaempfli und Rohnerin schildern, wie die Presse selber mit diesen Vorw\u00fcrfen umgegangen ist (Spoiler: sehr, sehr langsam und verz\u00f6gert, zum Teil bis heute gar nicht) und bringen auf den Punkt, was das Problem sexistischer Medien ist: Medien schaffen Welt.<\/strong>&nbsp;<a href=\"http:\/\/diepodcastin.de\/2021\/03\/13\/diepodcastin-zu-macht-sexismus-misogynie-bei-tamedia-bild-u-a-isabel-rohner-regula-staempfli-ueber-medienstrukturen\/\"><img loading=\"lazy\" decoding=\"async\" class=\"alignleft size-full wp-image-8403\" src=\"https:\/\/regulastaempfli.eu\/wp-content\/uploads\/2021\/03\/diepodcastin-zu-macht-sexismus-misogynie-bei-tamedia-bild-u-a-isabel-rohner-regula-staempfli-ueber-medienstrukturen_500x667.jpg\" alt=\"diepodcastin-zu-macht-sexismus-misogynie-bei-tamedia-bild-u-a-isabel-rohner-regula-staempfli-ueber-medienstrukturen_500x667\" width=\"500\" height=\"667\" srcset=\"https:\/\/regulastaempfli.eu\/wp-content\/uploads\/2021\/03\/diepodcastin-zu-macht-sexismus-misogynie-bei-tamedia-bild-u-a-isabel-rohner-regula-staempfli-ueber-medienstrukturen_500x667.jpg 500w, https:\/\/regulastaempfli.eu\/wp-content\/uploads\/2021\/03\/diepodcastin-zu-macht-sexismus-misogynie-bei-tamedia-bild-u-a-isabel-rohner-regula-staempfli-ueber-medienstrukturen_500x667-225x300.jpg 225w\" sizes=\"auto, (max-width: 500px) 100vw, 500px\" \/><\/a><\/div>\n<div>Wenn sie als Organisationen und in ihrer Berichterstattung sexistisch sind, sind Frauen kein gleichberechtigter&nbsp;Part dieser Welt.&nbsp;<strong>Deutschland kann sich dabei \u00fcbrigens nicht zur\u00fccklehnen: Gegen Bild-Chefredakteur Julian Reichelt l\u00e4uft ein \u201cCompliance-Verfahren\u201d, nachdem ihm&nbsp; mehrere Frauen N\u00f6tigung und Mobbing vorgeworfen haben. Doch w\u00e4hrend in der Schweiz strukturell diskutiert wird, wird hier sexistisches Verhalten personalisiert<\/strong>. Ganz zu Beginn Rohnerin sehr lustig: Stichwort M\u00c4NNERMEDIZIN. Hier&nbsp;<strong>verweist die Podcastin auf die grosse Dr. Julia Fischer im Gespr\u00e4ch siehe http:\/\/diepodcastin.de\/2021\/02\/03\/isabel-rohner-regula-staempfli-befragen-expertinnen-diepodcastin-im-gespraech-heute-mit-der-grossen-dr-med-julia-fischeraerztinmoderatorin\/<\/strong><\/div>\n","protected":false},"excerpt":{"rendered":"<p>#DiePodcastin zu Macht, Sexismus, Misogynie bei Tamedia, BILD u.a.: Isabel Rohner &amp; Regula St\u00e4mpfli \u00fcber Medienstrukturen.&nbsp;Was f\u00fcr eine Woche! Am 5. M\u00e4rz 2021 haben sich 78 (!) Journalistinnen der Tamedia-Gruppe (= eines der wichtigsten und gr\u00f6\u00dften Verlagsh\u00e4user in der Schweiz, &hellip; <a href=\"https:\/\/regulastaempfli.eu\/?p=8397\">Weiterlesen <span class=\"meta-nav\">&rarr;<\/span><\/a><\/p>\n","protected":false},"author":1,"featured_media":0,"comment_status":"closed","ping_status":"closed","sticky":false,"template":"","format":"standard","meta":{"_s2mail":"yes","footnotes":""},"categories":[6579,5685],"tags":[7005,7006,526],"class_list":["post-8397","post","type-post","status-publish","format-standard","hentry","category-diepodcastin","category-ad-personam","tag-diepodcastin-zu-macht","tag-misogynie-bei-tamedia","tag-sexismus"],"_links":{"self":[{"href":"https:\/\/regulastaempfli.eu\/index.php?rest_route=\/wp\/v2\/posts\/8397","targetHints":{"allow":["GET"]}}],"collection":[{"href":"https:\/\/regulastaempfli.eu\/index.php?rest_route=\/wp\/v2\/posts"}],"about":[{"href":"https:\/\/regulastaempfli.eu\/index.php?rest_route=\/wp\/v2\/types\/post"}],"author":[{"embeddable":true,"href":"https:\/\/regulastaempfli.eu\/index.php?rest_route=\/wp\/v2\/users\/1"}],"replies":[{"embeddable":true,"href":"https:\/\/regulastaempfli.eu\/index.php?rest_route=%2Fwp%2Fv2%2Fcomments&post=8397"}],"version-history":[{"count":5,"href":"https:\/\/regulastaempfli.eu\/index.php?rest_route=\/wp\/v2\/posts\/8397\/revisions"}],"predecessor-version":[{"id":8404,"href":"https:\/\/regulastaempfli.eu\/index.php?rest_route=\/wp\/v2\/posts\/8397\/revisions\/8404"}],"wp:attachment":[{"href":"https:\/\/regulastaempfli.eu\/index.php?rest_route=%2Fwp%2Fv2%2Fmedia&parent=8397"}],"wp:term":[{"taxonomy":"category","embeddable":true,"href":"https:\/\/regulastaempfli.eu\/index.php?rest_route=%2Fwp%2Fv2%2Fcategories&post=8397"},{"taxonomy":"post_tag","embeddable":true,"href":"https:\/\/regulastaempfli.eu\/index.php?rest_route=%2Fwp%2Fv2%2Ftags&post=8397"}],"curies":[{"name":"wp","href":"https:\/\/api.w.org\/{rel}","templated":true}]}}