{"id":8314,"date":"2021-02-08T11:11:12","date_gmt":"2021-02-08T09:11:12","guid":{"rendered":"http:\/\/regulastaempfli.eu\/?p=8314"},"modified":"2021-02-08T11:11:17","modified_gmt":"2021-02-08T09:11:17","slug":"regula-staempfli-von-menschen-und-daten-vorlesung-hsg-st-gallen-2021","status":"publish","type":"post","link":"https:\/\/regulastaempfli.eu\/?p=8314","title":{"rendered":"Regula St\u00e4mpfli: Von Menschen und Daten. Vorlesung #HSG St. Gallen 2021"},"content":{"rendered":"<header class=\"entry-header\">\n<h1 class=\"post-title entry-title\">Von Menschen und Daten<\/h1>\n<\/header>\n<p><strong>Philosophie<\/strong><\/p>\n<section class=\"post-content post-formatting\"><em>Dozentin \/ Dr. Regula St\u00e4mpfli, Dipl. Coach, Politische Philosophin siehe www.regulastaempfli.eu &amp; www.diepodcastin.de<a href=\"https:\/\/hsg.events\/oeffentlichevorlesungen\/vorlesungen\/von-menschen-und-daten\/\"><img loading=\"lazy\" decoding=\"async\" class=\"alignleft size-full wp-image-8315\" src=\"https:\/\/regulastaempfli.eu\/wp-content\/uploads\/2021\/02\/vorlesung-st-gallen-fru\u0308hjahr-2021-menschendaten.png\" alt=\"vorlesung st gallen fru\u0308hjahr 2021 menschen&amp;daten\" width=\"1263\" height=\"571\" srcset=\"https:\/\/regulastaempfli.eu\/wp-content\/uploads\/2021\/02\/vorlesung-st-gallen-fru\u0308hjahr-2021-menschendaten.png 1263w, https:\/\/regulastaempfli.eu\/wp-content\/uploads\/2021\/02\/vorlesung-st-gallen-fru\u0308hjahr-2021-menschendaten-300x136.png 300w, https:\/\/regulastaempfli.eu\/wp-content\/uploads\/2021\/02\/vorlesung-st-gallen-fru\u0308hjahr-2021-menschendaten-768x347.png 768w, https:\/\/regulastaempfli.eu\/wp-content\/uploads\/2021\/02\/vorlesung-st-gallen-fru\u0308hjahr-2021-menschendaten-1024x463.png 1024w, https:\/\/regulastaempfli.eu\/wp-content\/uploads\/2021\/02\/vorlesung-st-gallen-fru\u0308hjahr-2021-menschendaten-500x226.png 500w\" sizes=\"auto, (max-width: 1263px) 100vw, 1263px\" \/><\/a><\/em>&nbsp;<\/p>\n<p><strong>Die Vorlesungen besch\u00e4ftigen sich mit der Macht der Computer und der Ohnmacht der Lebewesen. Es gibt viele nicht-erz\u00e4hlte Geschichten rund um Datenl\u00f6cher und Automatisation. So reden viele gerne von \u00abdigitaler Demokratie\u00bb: Ein Unsinn. Denn \u00abdigital\u00bb ist k\u00fcnstlich, \u00abDemokratie\u00bb hingegen weltlich. Solche methodisch angelegten L\u00fcckenwerke sind f\u00fcr das&nbsp;<em>Zeitalter digitaler Reproduktionen<\/em>&nbsp;(Zitat Regula St\u00e4mpfli) strukturell und bleiben unentdeckt. Die codierte Voreingenommenheit konstruiert methodische, kommunikative, politische sowie kulturelle L\u00fcckenwerke, welche die Demokratie wie einen Emmentaler l\u00f6chern. So wird die reale Welt auf zahlenbasierte ideologische Kr\u00fccken gestellt. H\u00f6chste Zeit, die Datenl\u00f6cher, die religi\u00f6sen Elemente der Datenherrschaft, die neuen Zahlmasters und mit ihnen die 4.0-Eroberung der Welt philosophisch neu zu denken.<\/strong><\/p>\n<\/section>\n","protected":false},"excerpt":{"rendered":"<p>Von Menschen und Daten Philosophie Dozentin \/ Dr. Regula St\u00e4mpfli, Dipl. Coach, Politische Philosophin siehe www.regulastaempfli.eu &amp; www.diepodcastin.de&nbsp; Die Vorlesungen besch\u00e4ftigen sich mit der Macht der Computer und der Ohnmacht der Lebewesen. Es gibt viele nicht-erz\u00e4hlte Geschichten rund um Datenl\u00f6cher &hellip; <a href=\"https:\/\/regulastaempfli.eu\/?p=8314\">Weiterlesen <span class=\"meta-nav\">&rarr;<\/span><\/a><\/p>\n","protected":false},"author":1,"featured_media":0,"comment_status":"closed","ping_status":"closed","sticky":false,"template":"","format":"standard","meta":{"_s2mail":"yes","footnotes":""},"categories":[5685,5686,5684],"tags":[6918,6916,6917,6919,454],"class_list":["post-8314","post","type-post","status-publish","format-standard","hentry","category-ad-personam","category-lehre-vortraege","category-politik-philosophie-design-it","tag-dipl-coach","tag-httpshsg-eventsoeffentlichevorlesungenvorlesungenvon-menschen-und-daten","tag-philosophie-dozentin-dr-regula-staempfli","tag-politik-dozentin","tag-politologin"],"_links":{"self":[{"href":"https:\/\/regulastaempfli.eu\/index.php?rest_route=\/wp\/v2\/posts\/8314","targetHints":{"allow":["GET"]}}],"collection":[{"href":"https:\/\/regulastaempfli.eu\/index.php?rest_route=\/wp\/v2\/posts"}],"about":[{"href":"https:\/\/regulastaempfli.eu\/index.php?rest_route=\/wp\/v2\/types\/post"}],"author":[{"embeddable":true,"href":"https:\/\/regulastaempfli.eu\/index.php?rest_route=\/wp\/v2\/users\/1"}],"replies":[{"embeddable":true,"href":"https:\/\/regulastaempfli.eu\/index.php?rest_route=%2Fwp%2Fv2%2Fcomments&post=8314"}],"version-history":[{"count":2,"href":"https:\/\/regulastaempfli.eu\/index.php?rest_route=\/wp\/v2\/posts\/8314\/revisions"}],"predecessor-version":[{"id":8317,"href":"https:\/\/regulastaempfli.eu\/index.php?rest_route=\/wp\/v2\/posts\/8314\/revisions\/8317"}],"wp:attachment":[{"href":"https:\/\/regulastaempfli.eu\/index.php?rest_route=%2Fwp%2Fv2%2Fmedia&parent=8314"}],"wp:term":[{"taxonomy":"category","embeddable":true,"href":"https:\/\/regulastaempfli.eu\/index.php?rest_route=%2Fwp%2Fv2%2Fcategories&post=8314"},{"taxonomy":"post_tag","embeddable":true,"href":"https:\/\/regulastaempfli.eu\/index.php?rest_route=%2Fwp%2Fv2%2Ftags&post=8314"}],"curies":[{"name":"wp","href":"https:\/\/api.w.org\/{rel}","templated":true}]}}