{"id":8302,"date":"2021-02-02T14:52:05","date_gmt":"2021-02-02T12:52:05","guid":{"rendered":"http:\/\/regulastaempfli.eu\/?p=8302"},"modified":"2021-02-02T14:52:10","modified_gmt":"2021-02-02T12:52:10","slug":"clubhouse-unter-der-leitung-von-rene-spitz-treffen-sich-erik-spiekermann-birgitta-homburger-sascha-swiercz-und-regula-staempfli-zum-design-der-woche-diesmal-2","status":"publish","type":"post","link":"https:\/\/regulastaempfli.eu\/?p=8302","title":{"rendered":"Clubhouse: Unter der Leitung von Ren\u00e9 Spitz treffen sich Erik Spiekermann, Birgitta Homburger, Sascha Swiercz und Regula St\u00e4mpfli zum &#8220;Design der Woche&#8221;. Diesmal #2"},"content":{"rendered":"<p style=\"margin-bottom: 19.5pt;\"><strong><span style=\"font-size: 15.0pt; font-family: Georgia;\">Clubhouse: Unter der Leitung von Ren\u00e9 Spitz treffen sich Erik Spiekermann, Birgitta Homburger, Sascha Swiercz und Regula St\u00e4mpfli zum &#8220;Design der Woche&#8221;. Diesmal #2 zu folgenden Themen: <\/span><\/strong><em><span style=\"font-size: 15.0pt; font-family: Georgia;\">Shoa: Die Gestaltung der Gedanktage zu Auschwitz in den sozialen Medien;&nbsp;<\/span><span style=\"font-size: 15.0pt; font-family: Georgia;\">WEF: Digital gestaltet in die Unsichtbarkeit verschoben? ;<\/span><span style=\"font-size: 15.0pt; font-family: Georgia;\">Joe Bidens erste Design-Entscheidung zum Entwurf der neuen Dollarnote<\/span><\/em><\/p>\n<div id=\"attachment_8303\" style=\"width: 958px\" class=\"wp-caption alignleft\"><a href=\"https:\/\/www.nps.gov\/hatu\/index.htm\"><img loading=\"lazy\" decoding=\"async\" aria-describedby=\"caption-attachment-8303\" class=\"size-full wp-image-8303\" src=\"https:\/\/regulastaempfli.eu\/wp-content\/uploads\/2021\/02\/08ce9de1-ed3e-4949-b14e-2545461dcbaf_w948_r1.77_fpx57.32_fpy49.99.jpg\" alt=\"FILE PHOTO: Capitol Hill staff member places signs before a news conference by House Majority Leader Steny Hoyer (D-MD) on Treasury Secretary Steve Mnuchin's decision to indefinitely delay putting famous abolitionist Harriet Tubman on the new $20 bill, on the steps of the Treasury Department in Washington, U.S., June 27, 2019. REUTERS\/Yuri Gripas\/File Photo\" width=\"948\" height=\"536\"><\/a><p id=\"caption-attachment-8303\" class=\"wp-caption-text\">FILE PHOTO: Capitol Hill staff member places signs before a news conference by House Majority Leader Steny Hoyer (D-MD) on Treasury Secretary Steve Mnuchin&#8217;s decision to indefinitely delay putting famous abolitionist Harriet Tubman on the new $20 bill, on the steps of the Treasury Department in Washington, U.S., June 27, 2019. REUTERS\/Yuri Gripas\/File Photo<\/p><\/div>\n<p style=\"margin-bottom: 19.5pt;\"><span style=\"font-size: 15.0pt; font-family: Georgia;\">Die Diskussion war h\u00f6chst spannend mit vielen Zuh\u00f6renden: Einigkeit bestand in der grunds\u00e4tzlichen H\u00e4sslichkeit der US-$ Noten, Freude dar\u00fcber, endlich <strong>Harriet Tubman(1822-1913)<\/strong> statt einem Sklavenhalter sichtbar gemacht zu haben. Literatur dazu: Underground Railroad by Colson Whitehead. Geld als Design und Politik f\u00fchrte zur nachhaltigen Diskussion \u00fcber verschiedene Entw\u00fcrfe im digitalen und analogen Raum; die Frage nach Bargeld ja oder nein blieb unentschieden. <\/span><span style=\"font-size: 15.0pt; font-family: Georgia;\"><strong>Zum WEF<\/strong> war das Fazit: Das einzig Positive an der Pandemie. Der Club der Milliard\u00e4re, die von trumpistischen Medien hoffiert werden, ist unsichtbar und irrelevant geworden. Das WEF braucht kein Mensch mehr, zumal die weiblichen: Es war eine reine M\u00e4nnerselbstbeweihr\u00e4ucherungsveranstaltung. Designm\u00e4ssig ist klar: Digital als Event stellt extrem viele Gestaltungsaufgaben.<strong>Les lieu de m\u00e9moires: Ihr h\u00e4ttet alle dabei sein m\u00fcssen. Eine ber\u00fchrend klare Diskussion und der Verweis auf Individualit\u00e4t sowie den grossen Twitteraccount von @AuschwitzMuseum<\/strong><\/span><a href=\"https:\/\/twitter.com\/auschwitzmuseum\"><img loading=\"lazy\" decoding=\"async\" class=\"alignleft size-full wp-image-8304\" src=\"https:\/\/regulastaempfli.eu\/wp-content\/uploads\/2021\/02\/Bildschirmfoto-2021-02-02-um-13.43.49.png\" alt=\"Bildschirmfoto 2021-02-02 um 13.43.49\" width=\"913\" height=\"689\" srcset=\"https:\/\/regulastaempfli.eu\/wp-content\/uploads\/2021\/02\/Bildschirmfoto-2021-02-02-um-13.43.49.png 913w, https:\/\/regulastaempfli.eu\/wp-content\/uploads\/2021\/02\/Bildschirmfoto-2021-02-02-um-13.43.49-300x226.png 300w, https:\/\/regulastaempfli.eu\/wp-content\/uploads\/2021\/02\/Bildschirmfoto-2021-02-02-um-13.43.49-768x580.png 768w, https:\/\/regulastaempfli.eu\/wp-content\/uploads\/2021\/02\/Bildschirmfoto-2021-02-02-um-13.43.49-398x300.png 398w\" sizes=\"auto, (max-width: 913px) 100vw, 913px\" \/><\/a><\/p>\n<p style=\"margin-bottom: 19.5pt;\">&nbsp;<\/p>\n","protected":false},"excerpt":{"rendered":"<p>Clubhouse: Unter der Leitung von Ren\u00e9 Spitz treffen sich Erik Spiekermann, Birgitta Homburger, Sascha Swiercz und Regula St\u00e4mpfli zum &#8220;Design der Woche&#8221;. Diesmal #2 zu folgenden Themen: Shoa: Die Gestaltung der Gedanktage zu Auschwitz in den sozialen Medien;&nbsp;WEF: Digital gestaltet &hellip; <a href=\"https:\/\/regulastaempfli.eu\/?p=8302\">Weiterlesen <span class=\"meta-nav\">&rarr;<\/span><\/a><\/p>\n","protected":false},"author":1,"featured_media":0,"comment_status":"closed","ping_status":"closed","sticky":false,"template":"","format":"standard","meta":{"_s2mail":"yes","footnotes":""},"categories":[5685,5684],"tags":[6903,6902,6904],"class_list":["post-8302","post","type-post","status-publish","format-standard","hentry","category-ad-personam","category-politik-philosophie-design-it","tag-birgitta-homburger","tag-clubhouse-unter-der-leitung-von-rene-spitz-treffen-sich-erik-spiekermann","tag-sascha-swiercz-und-regula-staempfli-zum-design-der-woche-diesmal-2"],"_links":{"self":[{"href":"https:\/\/regulastaempfli.eu\/index.php?rest_route=\/wp\/v2\/posts\/8302","targetHints":{"allow":["GET"]}}],"collection":[{"href":"https:\/\/regulastaempfli.eu\/index.php?rest_route=\/wp\/v2\/posts"}],"about":[{"href":"https:\/\/regulastaempfli.eu\/index.php?rest_route=\/wp\/v2\/types\/post"}],"author":[{"embeddable":true,"href":"https:\/\/regulastaempfli.eu\/index.php?rest_route=\/wp\/v2\/users\/1"}],"replies":[{"embeddable":true,"href":"https:\/\/regulastaempfli.eu\/index.php?rest_route=%2Fwp%2Fv2%2Fcomments&post=8302"}],"version-history":[{"count":1,"href":"https:\/\/regulastaempfli.eu\/index.php?rest_route=\/wp\/v2\/posts\/8302\/revisions"}],"predecessor-version":[{"id":8305,"href":"https:\/\/regulastaempfli.eu\/index.php?rest_route=\/wp\/v2\/posts\/8302\/revisions\/8305"}],"wp:attachment":[{"href":"https:\/\/regulastaempfli.eu\/index.php?rest_route=%2Fwp%2Fv2%2Fmedia&parent=8302"}],"wp:term":[{"taxonomy":"category","embeddable":true,"href":"https:\/\/regulastaempfli.eu\/index.php?rest_route=%2Fwp%2Fv2%2Fcategories&post=8302"},{"taxonomy":"post_tag","embeddable":true,"href":"https:\/\/regulastaempfli.eu\/index.php?rest_route=%2Fwp%2Fv2%2Ftags&post=8302"}],"curies":[{"name":"wp","href":"https:\/\/api.w.org\/{rel}","templated":true}]}}