{"id":8291,"date":"2021-01-29T19:18:22","date_gmt":"2021-01-29T17:18:22","guid":{"rendered":"http:\/\/regulastaempfli.eu\/?p=8291"},"modified":"2021-02-18T08:00:04","modified_gmt":"2021-02-18T06:00:04","slug":"regula-staempfli-ueber-mythos-maskulines-gewalt-genie-in-der-die-weltwoche-vom-28-jaenner-2021","status":"publish","type":"post","link":"https:\/\/regulastaempfli.eu\/?p=8291","title":{"rendered":"Regula St\u00e4mpfli \u00fcber Mythos &#8220;Maskulines Gewalt-Genie&#8221; in der &#8220;Die Weltwoche&#8221; vom 28. J\u00e4nner 2021"},"content":{"rendered":"<p><strong>Regula St\u00e4mpfli \u00fcber Mythos &#8220;Maskulines Gewalt-Genie&#8221; in der &#8220;Die Weltwoche&#8221; vom 28. J\u00e4nner 2021, Die Weltwoche 2021\/3.&nbsp;<\/strong><\/p>\n<p>Mit 3500 Zeichen auf fast 42.000 Zeichen zur Hymne: \u201eMozart des Wahnsinns, Phil Spector zu reagieren, ist zwar eine Challenge, aber f\u00fcr eine Frau wie mich kein Thema. <strong>Auf Twitter nannte ich den Weltwoche-Artikel eine \u201eLobeshudelei zum Frauenm\u00f6rder\u201c, die zeige, \u201ewie Femizid in der Kultur durchaus ein Karriereschmiermittel\u201c sein kann. Es ist dem Qualit\u00e4tsjournalismus der \u201eDie Weltwoche\u201c hoch anzurechnen, mich sofort zur Ausf\u00fchrung dieser Kritik einzuladen. Der TagesAnzeiger, dem ich in einem Tweet am selben Wochenende zu einem v\u00f6llig verfehlten Frauenstimmrechtsartikel viel sanfter auf die Tastatur klopfte, reagierte extrem: Der verantwortliche Redakteur beschimpfte mich \u00fcber Stunden; ich blieb sachlich, insistierte und wurde blockiert. Solche Episoden pflege ich mit \u00e4usserster Coolheit unter der Rubrik: \u201eWas k\u00fcmmert es die Elefantin, wenn Ameisen sie anpissen\u201c abzulegen.<\/strong><a href=\"https:\/\/regulastaempfli.eu\/wp-content\/uploads\/2021\/01\/spector-weltwoche.pdf\"><img loading=\"lazy\" decoding=\"async\" class=\"alignleft size-full wp-image-8295\" src=\"https:\/\/regulastaempfli.eu\/wp-content\/uploads\/2021\/01\/1934-agnes-miller-parker.jpg\" alt=\"1934 agnes miller parker\" width=\"590\" height=\"536\"><\/a><\/p>\n<p><strong>Phil Spector hingegen ist eine andere W\u00e4hrung. Ich habe in den letzten f\u00fcnf Jahren viel \u00fcber die Gewalt gelernt und geschrieben. Vergewaltigung beispielsweise sollte nicht als Sexthema, sondern, wie das Wort eigentlich besagt, unter Gewalt besprochen werden. Dies w\u00fcrde den betroffenen Menschen helfen, \u00dcberf\u00e4lle und Folter dieser Art ganz anders zu verarbeiten und zu erz\u00e4hlen. In meinem w\u00f6chentlichen Gespr\u00e4ch mit der sehr klugen und erfolgreichen Krimiautorin Isabel Rohner in: \u201eDie Podcastin\u201c habe ich gelernt, g\u00e4ngigen Narrativen zu misstrauen. Das Frauenstimmrecht ist so ein verfehltes Storytelling. Wenn Frauen jahrhundertelang und bis weit in die zweite H\u00e4lfte des 20. Jahrhunderts keinen Anspruch auf Teilhabe in Politik, Wirtschaft, Wissenschaft, Kultur haben, ist dies keine Nebens\u00e4chlichkeit, sondern unfassbare Gewalt. Wir erz\u00e4hlen das Apartheidsr\u00e9gime in S\u00fcdafrika ja auch nicht mit verniedlichenden Bildern wie: \u201eDie schwarzen Menschen wurden halt auf die Wartebank verwiesen\u201c; \u201eDie Schwarzen waren nicht wehrpflichtig\u201c oder \u201eDas Wahlrecht der Schwarzen musste von einer Mehrheit der Weissen gutgeheissen werden, das kann halt dauern\u201c, erz\u00e4hlt.<\/strong><\/p>\n<p><a href=\"https:\/\/regulastaempfli.eu\/wp-content\/uploads\/2021\/01\/spector-weltwoche.pdf\"><img loading=\"lazy\" decoding=\"async\" class=\"size-full wp-image-8297\" src=\"https:\/\/regulastaempfli.eu\/wp-content\/uploads\/2021\/01\/damenringkampf-1901_00260851_p_303727.jpg\" alt=\"Sportliche Damen um die Jahrhundertwende.\" width=\"500\" height=\"384\"><\/a><\/p>\n","protected":false},"excerpt":{"rendered":"<p>Regula St\u00e4mpfli \u00fcber Mythos &#8220;Maskulines Gewalt-Genie&#8221; in der &#8220;Die Weltwoche&#8221; vom 28. J\u00e4nner 2021, Die Weltwoche 2021\/3.&nbsp; Mit 3500 Zeichen auf fast 42.000 Zeichen zur Hymne: \u201eMozart des Wahnsinns, Phil Spector zu reagieren, ist zwar eine Challenge, aber f\u00fcr eine &hellip; <a href=\"https:\/\/regulastaempfli.eu\/?p=8291\">Weiterlesen <span class=\"meta-nav\">&rarr;<\/span><\/a><\/p>\n","protected":false},"author":1,"featured_media":0,"comment_status":"closed","ping_status":"closed","sticky":false,"template":"","format":"standard","meta":{"_s2mail":"yes","footnotes":""},"categories":[5685,5683,5684],"tags":[6894,6898,6891,6895,6900,6893,6897,6892,6899,6890,6901,6896],"class_list":["post-8291","post","type-post","status-publish","format-standard","hentry","category-ad-personam","category-kolumnen","category-politik-philosophie-design-it","tag-aber-fuer-eine-frau-wie-mich-kein-thema-auf-twitter-nannte-ich-den-weltwoche-artikel-eine-lobeshudelei-zum-frauenmoerder","tag-dem-ich-in-einem-tweet-am-selben-wochenende-zu-einem-voellig-verfehlten-frauenstimmrechtsartikel-viel-sanfter-auf-die-tastatur-klopfte","tag-die-weltwoche-20213-mit-3500-zeichen-auf-fast-42-000-zeichen-zur-hymne-mozart-des-wahnsinns","tag-die-zeige","tag-insistierte-und-wurde-blockiert-solche-episoden-pflege-ich-mit-aeusserster-coolheit-unter-der-rubrik-was-kuemmert-es-die-elefantin","tag-ist-zwar-eine-challenge","tag-mich-sofort-zur-ausfuehrung-dieser-kritik-einzuladen-der-tagesanzeiger","tag-phil-spector-zu-reagieren","tag-reagierte-extrem-der-verantwortliche-redakteur-beschimpfte-mich-ueber-stunden-ich-blieb-sachlich","tag-regula-staempfli-ueber-mythos-maskulines-gewalt-genie-in-der-die-weltwoche-vom-28-jaenner-2021","tag-wenn-ameisen-sie-anpissen-abzulegen","tag-wie-femizid-in-der-kultur-durchaus-ein-karriereschmiermittel-sein-kann-es-ist-dem-qualitaetsjournalismus-der-die-weltwoche-hoch-anzurechnen"],"_links":{"self":[{"href":"https:\/\/regulastaempfli.eu\/index.php?rest_route=\/wp\/v2\/posts\/8291","targetHints":{"allow":["GET"]}}],"collection":[{"href":"https:\/\/regulastaempfli.eu\/index.php?rest_route=\/wp\/v2\/posts"}],"about":[{"href":"https:\/\/regulastaempfli.eu\/index.php?rest_route=\/wp\/v2\/types\/post"}],"author":[{"embeddable":true,"href":"https:\/\/regulastaempfli.eu\/index.php?rest_route=\/wp\/v2\/users\/1"}],"replies":[{"embeddable":true,"href":"https:\/\/regulastaempfli.eu\/index.php?rest_route=%2Fwp%2Fv2%2Fcomments&post=8291"}],"version-history":[{"count":6,"href":"https:\/\/regulastaempfli.eu\/index.php?rest_route=\/wp\/v2\/posts\/8291\/revisions"}],"predecessor-version":[{"id":8347,"href":"https:\/\/regulastaempfli.eu\/index.php?rest_route=\/wp\/v2\/posts\/8291\/revisions\/8347"}],"wp:attachment":[{"href":"https:\/\/regulastaempfli.eu\/index.php?rest_route=%2Fwp%2Fv2%2Fmedia&parent=8291"}],"wp:term":[{"taxonomy":"category","embeddable":true,"href":"https:\/\/regulastaempfli.eu\/index.php?rest_route=%2Fwp%2Fv2%2Fcategories&post=8291"},{"taxonomy":"post_tag","embeddable":true,"href":"https:\/\/regulastaempfli.eu\/index.php?rest_route=%2Fwp%2Fv2%2Ftags&post=8291"}],"curies":[{"name":"wp","href":"https:\/\/api.w.org\/{rel}","templated":true}]}}