{"id":8281,"date":"2021-01-21T17:43:59","date_gmt":"2021-01-21T15:43:59","guid":{"rendered":"http:\/\/regulastaempfli.eu\/?p=8281"},"modified":"2021-01-21T17:44:12","modified_gmt":"2021-01-21T15:44:12","slug":"lastaempflis-kulturjahr-2020-die-liebe-in-zeiten-von-corona-in-ensuite-magazin-fuer-kunst-kultur","status":"publish","type":"post","link":"https:\/\/regulastaempfli.eu\/?p=8281","title":{"rendered":"laStaempflis Kulturjahr 2020: Die Liebe in Zeiten von Corona in ensuite: Magazin f\u00fcr Kunst &#038; Kultur"},"content":{"rendered":"<p><strong>Januar by laStaempflis Kulturjahr: Worldly statt Selfie. Entwurf einer digitalen (Frauen)Demokratie f\u00fcr #50JahreFrauenstimmrecht&nbsp;<\/strong>Zum Auftakt des Jahres ein Gl\u00fccksfall. Isabel Rohner, die fabelhafte Krimiautorin von \u201eSch\u00f6ner Morden\u201c und \u201eTaugenixen\u201c gibt mit der ebenso eindrucksvollen Ir\u00e8ne Maria Sch\u00e4ppi, Lifestyle-Chefin von 20 Minuten, das wichtigste Buch f\u00fcr das Jahr 2021 heraus: 50 Jahre Frauenstimmrecht im Limmat-Verlag. Heute ist es schon in der zweiten Auflage und ich hab ja darauf gewettet, dass es #Bestseller2021 wird. Ich bin eine der 25 Frauen, die \u00fcber Demokratie, Macht und Gleichberechtigung im Band mit einem Aufsatz vertreten ist.<a href=\"https:\/\/www.ensuite.ch\/lastaempflis-kulturjahr-2020-die-liebe-in-zeiten-von-corona\/\"><img loading=\"lazy\" decoding=\"async\" class=\"alignleft size-full wp-image-8283\" src=\"https:\/\/regulastaempfli.eu\/wp-content\/uploads\/2021\/01\/august-die-swangoettin-maja-plissezkaja-338x450-e1611243786269.jpg\" alt=\"august-die-swangoettin-maja-plissezkaja-338x450\" width=\"238\" height=\"317\" srcset=\"https:\/\/regulastaempfli.eu\/wp-content\/uploads\/2021\/01\/august-die-swangoettin-maja-plissezkaja-338x450-e1611243786269.jpg 238w, https:\/\/regulastaempfli.eu\/wp-content\/uploads\/2021\/01\/august-die-swangoettin-maja-plissezkaja-338x450-e1611243786269-225x300.jpg 225w\" sizes=\"auto, (max-width: 238px) 100vw, 238px\" \/><\/a><\/p>\n<p>Nat\u00fcrlich dreht sich bei mir alles um Korsette: Daten, Kilos, Fiktionen und die G-Mafia. Ich breche das algorithmische Storytelling und sehe mich in bester Denkerinnen-Gesellschaft: Alle im Buch versammelten Artikel und Interviews sind einfach DER HAMMER. Hier erw\u00e4hne ich den J\u00e4nner 2020, weil Isabel Rohner und Regula St\u00e4mpfli sich \u00fcber diesem Projekt via Twitter n\u00e4her kamen.&nbsp;<strong>Eine digitale Liebe auf ersten Tweet sozusagen, daraus entstand das unvergleichliche Projekt: \u201eDiePodcastin. Isabel Rohner und Regula St\u00e4mpfli erkl\u00e4ren die Welt\u201c, zu h\u00f6ren auf&nbsp;<a href=\"http:\/\/www.diepodcastin.de\/\" target=\"_blank\" rel=\"noopener\">www.diepodcastin.de<\/a>&nbsp;seit Juni 2020. <\/strong>Literatur: 50 Jahre Frauenstimmrecht. 25 Frauen \u00fcber Demokratie, Macht und Gleichberechtigung von Isabel Rohner und Ir\u00e8ne Sch\u00e4ppi (Hg), Limmat 2019.<\/p>\n<p><a href=\"https:\/\/www.ensuite.ch\/lastaempflis-kulturjahr-2020-die-liebe-in-zeiten-von-corona\/\"><img loading=\"lazy\" decoding=\"async\" class=\"alignleft size-full wp-image-8282\" src=\"https:\/\/regulastaempfli.eu\/wp-content\/uploads\/2021\/01\/venedig-leerer-markusplatz-juni-376x450.jpg\" alt=\"venedig-leerer-markusplatz-juni-376x450\" width=\"376\" height=\"450\" srcset=\"https:\/\/regulastaempfli.eu\/wp-content\/uploads\/2021\/01\/venedig-leerer-markusplatz-juni-376x450.jpg 376w, https:\/\/regulastaempfli.eu\/wp-content\/uploads\/2021\/01\/venedig-leerer-markusplatz-juni-376x450-251x300.jpg 251w\" sizes=\"auto, (max-width: 376px) 100vw, 376px\" \/><\/a><\/p>\n<p><strong>Juli by laStaempflis Kulturjahr: James Bond ist noch das kleinste Problem<\/strong><\/p>\n<p>Abgesagt: Die Festivalveranstaltenden sind \u201eLes Mis\u00e9rables\u201c im 2020. James Bond wird vertagt. Doch dies ist definitiv nicht wichtig: Es hagelt \u00fcberall virusbedingte Absagen. Bach-Festivals, Kleinkunsttage, Tanztage, Jugend musiziert, Technoclubs, Jazz-Festival, das beste aller Festivals \u00fcberhaupt,&nbsp;<strong>das ORANGE BLOSSOM IN BEVERUNGEN, mein heissgeliebtes OBS (siehe Bild): ABGESAGT.<\/strong>&nbsp;Noch am 5. M\u00e4rz 2020 meldete das Openair Frauenfeld, dass das Festival zu \u201e100 Prozent\u201c stattfinde. Es kam anders. Die Festivalbetreibenden wurden von den Beh\u00f6rden, pardon der Ausdruck, teils wie Scheisse behandelt: Es gab keine Eintscheidungssicherheit, keine soliden rechtlichen Grundlagen, keinen Plan \u2013 das ganze Jahre wurde hin- und herlaviert. Dabei war klar: Eigentlich herrscht mit dem Virus Krieg gegen alles, was unser normales Leben ausgemacht hat. Doch statt den Kriegszustand, wie in Frankreich deklariert, schwafelten die Statusquo-Manager vom \u201eneuen normal\u201c. Die gr\u00f6ssten Profiteure des Krieges sind und bleiben die Onlinedienste. Statt von Heimarbeit reden Medien von \u201eHomeoffice\u201c, statt von \u201eprivatisierte Heimschulung\u201c puschen die Narrative \u201eHomeschooling\u201c: Das Banksprech, dieses Schwafeln statt Benennen, feiert H\u00f6chststand. 15-20 Prozent der weltweiten Kinos werden andersweitig genutzt werden oder zumachen. Netflix und CO. m\u00fcssten zu milliardenschweren Steuern verdonnert werden.Literatur: Shoshanna Zuboff, Das Zeitalter des digitalen \u00dcberwachungskapitalismus, Campus Verlag 2018. Mittlerweile auch im Taschenbuch erh\u00e4ltlich.<\/p>\n<p><strong>Wer mehr wissen will, klicke auf die Bilder oder hier:<\/strong><a href=\"https:\/\/www.ensuite.ch\/lastaempflis-kulturjahr-2020-die-liebe-in-zeiten-von-corona\/\">&nbsp;<\/a><\/p>\n<blockquote class=\"wp-embedded-content\" data-secret=\"YfJ8Uz9kbO\"><p><a href=\"https:\/\/www.ensuite.ch\/lastaempflis-kulturjahr-2020-die-liebe-in-zeiten-von-corona\/\">laStaempflis Kulturjahr 2020: Die Liebe in Zeiten von Corona<\/a><\/p><\/blockquote>\n<p><iframe loading=\"lazy\" class=\"wp-embedded-content\" sandbox=\"allow-scripts\" security=\"restricted\" style=\"position: absolute; visibility: hidden;\" title=\"&#171;laStaempflis Kulturjahr 2020: Die Liebe in Zeiten von Corona&#187; &#8212; ensuite - Zeitschrift zu Kultur &amp; Kunst\" src=\"https:\/\/www.ensuite.ch\/lastaempflis-kulturjahr-2020-die-liebe-in-zeiten-von-corona\/embed\/#?secret=GWb0PMnCyZ#?secret=YfJ8Uz9kbO\" data-secret=\"YfJ8Uz9kbO\" width=\"584\" height=\"329\" frameborder=\"0\" marginwidth=\"0\" marginheight=\"0\" scrolling=\"no\"><\/iframe><\/p>\n","protected":false},"excerpt":{"rendered":"<p>Januar by laStaempflis Kulturjahr: Worldly statt Selfie. Entwurf einer digitalen (Frauen)Demokratie f\u00fcr #50JahreFrauenstimmrecht&nbsp;Zum Auftakt des Jahres ein Gl\u00fccksfall. Isabel Rohner, die fabelhafte Krimiautorin von \u201eSch\u00f6ner Morden\u201c und \u201eTaugenixen\u201c gibt mit der ebenso eindrucksvollen Ir\u00e8ne Maria Sch\u00e4ppi, Lifestyle-Chefin von 20 Minuten, &hellip; <a href=\"https:\/\/regulastaempfli.eu\/?p=8281\">Weiterlesen <span class=\"meta-nav\">&rarr;<\/span><\/a><\/p>\n","protected":false},"author":1,"featured_media":0,"comment_status":"closed","ping_status":"closed","sticky":false,"template":"","format":"standard","meta":{"_s2mail":"yes","footnotes":""},"categories":[6579,5685,5683,5686,5682,5684],"tags":[6889],"class_list":["post-8281","post","type-post","status-publish","format-standard","hentry","category-diepodcastin","category-ad-personam","category-kolumnen","category-lehre-vortraege","category-literaturblog","category-politik-philosophie-design-it","tag-lastaempflis-kulturjahr-2020-die-liebe-in-zeiten-von-corona-in-ensuite-magazin-fuer-kunst-kultur"],"_links":{"self":[{"href":"https:\/\/regulastaempfli.eu\/index.php?rest_route=\/wp\/v2\/posts\/8281","targetHints":{"allow":["GET"]}}],"collection":[{"href":"https:\/\/regulastaempfli.eu\/index.php?rest_route=\/wp\/v2\/posts"}],"about":[{"href":"https:\/\/regulastaempfli.eu\/index.php?rest_route=\/wp\/v2\/types\/post"}],"author":[{"embeddable":true,"href":"https:\/\/regulastaempfli.eu\/index.php?rest_route=\/wp\/v2\/users\/1"}],"replies":[{"embeddable":true,"href":"https:\/\/regulastaempfli.eu\/index.php?rest_route=%2Fwp%2Fv2%2Fcomments&post=8281"}],"version-history":[{"count":1,"href":"https:\/\/regulastaempfli.eu\/index.php?rest_route=\/wp\/v2\/posts\/8281\/revisions"}],"predecessor-version":[{"id":8284,"href":"https:\/\/regulastaempfli.eu\/index.php?rest_route=\/wp\/v2\/posts\/8281\/revisions\/8284"}],"wp:attachment":[{"href":"https:\/\/regulastaempfli.eu\/index.php?rest_route=%2Fwp%2Fv2%2Fmedia&parent=8281"}],"wp:term":[{"taxonomy":"category","embeddable":true,"href":"https:\/\/regulastaempfli.eu\/index.php?rest_route=%2Fwp%2Fv2%2Fcategories&post=8281"},{"taxonomy":"post_tag","embeddable":true,"href":"https:\/\/regulastaempfli.eu\/index.php?rest_route=%2Fwp%2Fv2%2Ftags&post=8281"}],"curies":[{"name":"wp","href":"https:\/\/api.w.org\/{rel}","templated":true}]}}