{"id":8144,"date":"2020-11-05T13:19:05","date_gmt":"2020-11-05T11:19:05","guid":{"rendered":"http:\/\/regulastaempfli.eu\/?p=8144"},"modified":"2020-11-05T13:19:17","modified_gmt":"2020-11-05T11:19:17","slug":"diepodcastin-goes-musical-isabel-rohner-und-regula-staempfli-ueber-musicalsfeministischer-rueckblick-und-weshalb-die-eci-die-europaeische-buergerinitiative-eine-lastaempfli-erfindung-ist","status":"publish","type":"post","link":"https:\/\/regulastaempfli.eu\/?p=8144","title":{"rendered":"#DiePodcastin goes musical: Isabel Rohner und Regula St\u00e4mpfli \u00fcber Musicals&#038;feministischer R\u00fcckblick und weshalb die ECI, die Europ\u00e4ische B\u00fcrgerinitiative eine laStaempfli Erfindung ist."},"content":{"rendered":"<p><strong>#DiePodcastin goes musical: Isabel Rohner und Regula St\u00e4mpfli \u00fcber Musicals&amp;feministischer R\u00fcckblick und weshalb die ECI, die Europ\u00e4ische B\u00fcrgerinitiative eine laStaempfli Erfindung ist.<a href=\"http:\/\/diepodcastin.de\/2020\/10\/31\/diepodcastin-goes-musical\/\"><img loading=\"lazy\" decoding=\"async\" class=\"alignleft size-full wp-image-8145\" src=\"https:\/\/regulastaempfli.eu\/wp-content\/uploads\/2020\/11\/Bildschirmfoto-2020-11-05-um-12.15.58.png\" alt=\"Bildschirmfoto 2020-11-05 um 12.15.58\" width=\"763\" height=\"801\" srcset=\"https:\/\/regulastaempfli.eu\/wp-content\/uploads\/2020\/11\/Bildschirmfoto-2020-11-05-um-12.15.58.png 763w, https:\/\/regulastaempfli.eu\/wp-content\/uploads\/2020\/11\/Bildschirmfoto-2020-11-05-um-12.15.58-286x300.png 286w\" sizes=\"auto, (max-width: 763px) 100vw, 763px\" \/><\/a><\/strong><\/p>\n","protected":false},"excerpt":{"rendered":"<p>#DiePodcastin goes musical: Isabel Rohner und Regula St\u00e4mpfli \u00fcber Musicals&amp;feministischer R\u00fcckblick und weshalb die ECI, die Europ\u00e4ische B\u00fcrgerinitiative eine laStaempfli Erfindung ist.<\/p>\n","protected":false},"author":1,"featured_media":0,"comment_status":"closed","ping_status":"closed","sticky":false,"template":"","format":"standard","meta":{"_s2mail":"yes","footnotes":""},"categories":[6579,5685,5686,5684],"tags":[],"class_list":["post-8144","post","type-post","status-publish","format-standard","hentry","category-diepodcastin","category-ad-personam","category-lehre-vortraege","category-politik-philosophie-design-it"],"_links":{"self":[{"href":"https:\/\/regulastaempfli.eu\/index.php?rest_route=\/wp\/v2\/posts\/8144","targetHints":{"allow":["GET"]}}],"collection":[{"href":"https:\/\/regulastaempfli.eu\/index.php?rest_route=\/wp\/v2\/posts"}],"about":[{"href":"https:\/\/regulastaempfli.eu\/index.php?rest_route=\/wp\/v2\/types\/post"}],"author":[{"embeddable":true,"href":"https:\/\/regulastaempfli.eu\/index.php?rest_route=\/wp\/v2\/users\/1"}],"replies":[{"embeddable":true,"href":"https:\/\/regulastaempfli.eu\/index.php?rest_route=%2Fwp%2Fv2%2Fcomments&post=8144"}],"version-history":[{"count":1,"href":"https:\/\/regulastaempfli.eu\/index.php?rest_route=\/wp\/v2\/posts\/8144\/revisions"}],"predecessor-version":[{"id":8146,"href":"https:\/\/regulastaempfli.eu\/index.php?rest_route=\/wp\/v2\/posts\/8144\/revisions\/8146"}],"wp:attachment":[{"href":"https:\/\/regulastaempfli.eu\/index.php?rest_route=%2Fwp%2Fv2%2Fmedia&parent=8144"}],"wp:term":[{"taxonomy":"category","embeddable":true,"href":"https:\/\/regulastaempfli.eu\/index.php?rest_route=%2Fwp%2Fv2%2Fcategories&post=8144"},{"taxonomy":"post_tag","embeddable":true,"href":"https:\/\/regulastaempfli.eu\/index.php?rest_route=%2Fwp%2Fv2%2Ftags&post=8144"}],"curies":[{"name":"wp","href":"https:\/\/api.w.org\/{rel}","templated":true}]}}