{"id":7979,"date":"2020-07-20T14:13:25","date_gmt":"2020-07-20T12:13:25","guid":{"rendered":"http:\/\/regulastaempfli.eu\/?p=7979"},"modified":"2020-07-20T14:13:31","modified_gmt":"2020-07-20T12:13:31","slug":"regula-staempfli-ueber-daten-und-ideologien-im-radio-dispositiv-wien","status":"publish","type":"post","link":"https:\/\/regulastaempfli.eu\/?p=7979","title":{"rendered":"Regula St\u00e4mpfli \u00fcber Daten und Ideologien im Radio Dispositiv, Wien."},"content":{"rendered":"<p><strong>Regula St\u00e4mpfli \u00fcber Daten und Ideologien im Radio Dispositiv, Wien. Vor der Coronakrise im Dezember 2019 f\u00fchrten Herbert Gnauer und Regula St\u00e4mpfli f\u00fcr Radio Dispositiv, cultural broadcasting archive, ein spannendes Gespr\u00e4ch \u00fcber Daten und Ideologien. Hier der Link:&nbsp;https:\/\/cba.fro.at\/434897. Funktioniert auch, wenn aufs Bild getippt wird. #BigNine #DataTransformation #DigitalDemocracy #DigitalTransformation.<\/strong><\/p>\n<p><a href=\"https:\/\/cba.fro.at\/434897\"><img loading=\"lazy\" decoding=\"async\" class=\"alignleft size-full wp-image-7980\" src=\"https:\/\/regulastaempfli.eu\/wp-content\/uploads\/2020\/07\/culturalbroadcastin-daten-radio-dispositiv.png\" alt=\"culturalbroadcastin daten radio dispositiv\" width=\"960\" height=\"453\" srcset=\"https:\/\/regulastaempfli.eu\/wp-content\/uploads\/2020\/07\/culturalbroadcastin-daten-radio-dispositiv.png 960w, https:\/\/regulastaempfli.eu\/wp-content\/uploads\/2020\/07\/culturalbroadcastin-daten-radio-dispositiv-300x142.png 300w, https:\/\/regulastaempfli.eu\/wp-content\/uploads\/2020\/07\/culturalbroadcastin-daten-radio-dispositiv-768x362.png 768w, https:\/\/regulastaempfli.eu\/wp-content\/uploads\/2020\/07\/culturalbroadcastin-daten-radio-dispositiv-500x236.png 500w\" sizes=\"auto, (max-width: 960px) 100vw, 960px\" \/><\/a><\/p>\n","protected":false},"excerpt":{"rendered":"<p>Regula St\u00e4mpfli \u00fcber Daten und Ideologien im Radio Dispositiv, Wien. Vor der Coronakrise im Dezember 2019 f\u00fchrten Herbert Gnauer und Regula St\u00e4mpfli f\u00fcr Radio Dispositiv, cultural broadcasting archive, ein spannendes Gespr\u00e4ch \u00fcber Daten und Ideologien. Hier der Link:&nbsp;https:\/\/cba.fro.at\/434897. Funktioniert auch, &hellip; <a href=\"https:\/\/regulastaempfli.eu\/?p=7979\">Weiterlesen <span class=\"meta-nav\">&rarr;<\/span><\/a><\/p>\n","protected":false},"author":1,"featured_media":0,"comment_status":"closed","ping_status":"closed","sticky":false,"template":"","format":"standard","meta":{"_s2mail":"yes","footnotes":""},"categories":[5685,5684],"tags":[6556,6557,6554,6558,886,6555],"class_list":["post-7979","post","type-post","status-publish","format-standard","hentry","category-ad-personam","category-politik-philosophie-design-it","tag-cultural-broadcasting-archive","tag-ein-spannendes-gespraech-ueber-daten-und-ideologien-hier-der-link-httpscba-fro-at434897-funktioniert-auch","tag-regula-staempfli-ueber-daten-und-ideologien-im-radio-dispositiv","tag-wenn-aufs-bild-getippt-wird-bignine-datatransformation-digitaldemocracy-digitaltransformation","tag-wien","tag-wien-vor-der-coronakrise-im-dezember-2019-fuehrten-herbert-gnauer-und-regula-staempfli-fuer-radio-dispositiv"],"_links":{"self":[{"href":"https:\/\/regulastaempfli.eu\/index.php?rest_route=\/wp\/v2\/posts\/7979","targetHints":{"allow":["GET"]}}],"collection":[{"href":"https:\/\/regulastaempfli.eu\/index.php?rest_route=\/wp\/v2\/posts"}],"about":[{"href":"https:\/\/regulastaempfli.eu\/index.php?rest_route=\/wp\/v2\/types\/post"}],"author":[{"embeddable":true,"href":"https:\/\/regulastaempfli.eu\/index.php?rest_route=\/wp\/v2\/users\/1"}],"replies":[{"embeddable":true,"href":"https:\/\/regulastaempfli.eu\/index.php?rest_route=%2Fwp%2Fv2%2Fcomments&post=7979"}],"version-history":[{"count":1,"href":"https:\/\/regulastaempfli.eu\/index.php?rest_route=\/wp\/v2\/posts\/7979\/revisions"}],"predecessor-version":[{"id":7981,"href":"https:\/\/regulastaempfli.eu\/index.php?rest_route=\/wp\/v2\/posts\/7979\/revisions\/7981"}],"wp:attachment":[{"href":"https:\/\/regulastaempfli.eu\/index.php?rest_route=%2Fwp%2Fv2%2Fmedia&parent=7979"}],"wp:term":[{"taxonomy":"category","embeddable":true,"href":"https:\/\/regulastaempfli.eu\/index.php?rest_route=%2Fwp%2Fv2%2Fcategories&post=7979"},{"taxonomy":"post_tag","embeddable":true,"href":"https:\/\/regulastaempfli.eu\/index.php?rest_route=%2Fwp%2Fv2%2Ftags&post=7979"}],"curies":[{"name":"wp","href":"https:\/\/api.w.org\/{rel}","templated":true}]}}