{"id":7940,"date":"2020-07-01T15:47:35","date_gmt":"2020-07-01T13:47:35","guid":{"rendered":"http:\/\/regulastaempfli.eu\/?p=7940"},"modified":"2020-07-01T15:47:40","modified_gmt":"2020-07-01T13:47:40","slug":"regula-staempfli-ueber-die-zukunft-des-lernens-im-jahr-2175-fuer-swissfuture-12020","status":"publish","type":"post","link":"https:\/\/regulastaempfli.eu\/?p=7940","title":{"rendered":"Regula St\u00e4mpfli \u00fcber die Zukunft des Lernens im Jahr 2175 f\u00fcr swissfuture 1\/2020"},"content":{"rendered":"<p><strong>Vom Konsum zum Leben: Lernen in der Zukunft.&nbsp;<\/strong><\/p>\n<p><strong>Radikal ist immer nur das gute Lernen, also Selbsterm\u00e4chtigung und Teamarbeit in einer hoch vernetzten Welt. Die politische Philosophin Regula St\u00e4mpfli nimmt uns mit in eine Reise der Zukunft im Jahr 2175 f\u00fcr swissfuture &#8211; Magazin 1\/2020. Siehe&nbsp;https:\/\/regulastaempfli.eu\/wp-content\/uploads\/2020\/07\/zukunft-des-lernens-swissfuture.pdf<\/strong><\/p>\n<p><a href=\"https:\/\/regulastaempfli.eu\/wp-content\/uploads\/2020\/07\/zukunft-des-lernens-swissfuture.pdf\"><img loading=\"lazy\" decoding=\"async\" class=\"alignleft size-full wp-image-7941\" src=\"https:\/\/regulastaempfli.eu\/wp-content\/uploads\/2020\/07\/Bildschirmfoto-2020-07-01-um-15.41.49-2.png\" alt=\"Bildschirmfoto 2020-07-01 um 15.41.49\" width=\"202\" height=\"210\"><\/a><\/p>\n","protected":false},"excerpt":{"rendered":"<p>Vom Konsum zum Leben: Lernen in der Zukunft.&nbsp; Radikal ist immer nur das gute Lernen, also Selbsterm\u00e4chtigung und Teamarbeit in einer hoch vernetzten Welt. Die politische Philosophin Regula St\u00e4mpfli nimmt uns mit in eine Reise der Zukunft im Jahr 2175 &hellip; <a href=\"https:\/\/regulastaempfli.eu\/?p=7940\">Weiterlesen <span class=\"meta-nav\">&rarr;<\/span><\/a><\/p>\n","protected":false},"author":1,"featured_media":0,"comment_status":"closed","ping_status":"closed","sticky":false,"template":"","format":"standard","meta":{"_s2mail":"yes","footnotes":""},"categories":[5685,5683,5684],"tags":[6512],"class_list":["post-7940","post","type-post","status-publish","format-standard","hentry","category-ad-personam","category-kolumnen","category-politik-philosophie-design-it","tag-regula-staempfli-ueber-die-zukunft-des-lernens-im-jahr-2175-fuer-swissfuture-12020"],"_links":{"self":[{"href":"https:\/\/regulastaempfli.eu\/index.php?rest_route=\/wp\/v2\/posts\/7940","targetHints":{"allow":["GET"]}}],"collection":[{"href":"https:\/\/regulastaempfli.eu\/index.php?rest_route=\/wp\/v2\/posts"}],"about":[{"href":"https:\/\/regulastaempfli.eu\/index.php?rest_route=\/wp\/v2\/types\/post"}],"author":[{"embeddable":true,"href":"https:\/\/regulastaempfli.eu\/index.php?rest_route=\/wp\/v2\/users\/1"}],"replies":[{"embeddable":true,"href":"https:\/\/regulastaempfli.eu\/index.php?rest_route=%2Fwp%2Fv2%2Fcomments&post=7940"}],"version-history":[{"count":1,"href":"https:\/\/regulastaempfli.eu\/index.php?rest_route=\/wp\/v2\/posts\/7940\/revisions"}],"predecessor-version":[{"id":7942,"href":"https:\/\/regulastaempfli.eu\/index.php?rest_route=\/wp\/v2\/posts\/7940\/revisions\/7942"}],"wp:attachment":[{"href":"https:\/\/regulastaempfli.eu\/index.php?rest_route=%2Fwp%2Fv2%2Fmedia&parent=7940"}],"wp:term":[{"taxonomy":"category","embeddable":true,"href":"https:\/\/regulastaempfli.eu\/index.php?rest_route=%2Fwp%2Fv2%2Fcategories&post=7940"},{"taxonomy":"post_tag","embeddable":true,"href":"https:\/\/regulastaempfli.eu\/index.php?rest_route=%2Fwp%2Fv2%2Ftags&post=7940"}],"curies":[{"name":"wp","href":"https:\/\/api.w.org\/{rel}","templated":true}]}}