{"id":7913,"date":"2020-06-18T11:50:58","date_gmt":"2020-06-18T09:50:58","guid":{"rendered":"http:\/\/regulastaempfli.eu\/?p=7913"},"modified":"2020-06-18T11:51:07","modified_gmt":"2020-06-18T09:51:07","slug":"regula-staempfli-im-schweizer-fernsehen-medienclub-die-privatisierung-von-staatsaufgaben-beim-homeschooling-wurde-zu-wenig-von-den-medien-thematisiert","status":"publish","type":"post","link":"https:\/\/regulastaempfli.eu\/?p=7913","title":{"rendered":"Regula St\u00e4mpfli im Schweizer Fernsehen, Medienclub: &#8220;Die Privatisierung von Staatsaufgaben beim Homeschooling wurde zu wenig von den Medien thematisiert&#8221;"},"content":{"rendered":"<p><em><strong>Regula St\u00e4mpfli im Schweizer Fernsehen, Medienclub: &#8220;Die Privatisierung von Staatsaufgaben beim Homeschooling wurde zu wenig von den Medien thematisiert&#8221; 16.6.2020<\/strong><\/em><\/p>\n<h1 class=\"sc-141f4yq-1 qYHLw\"><strong>Pressetext SRF: Tatsachen und Meinungen \u2013 Wie objektiv berichten Medien?<\/strong><\/h1>\n<p class=\"sc-141f4yq-2 iLowgX\"><strong>Seit Wochen dominieren zwei Ereignisse die Medien: die Coronakrise und die Unruhen in den USA. Die Berichterstattung ist fl\u00e4chendeckend, das Interesse des Publikums so gross wie selten zuvor, die Leistung der traditionellen Medien wird gesch\u00e4tzt. Doch es gibt auch Kritik: Zu lange h\u00e4tten die Schweizer Medien die Meinung der Regierung und der Beh\u00f6rden vertreten, zu sp\u00e4t seien Corona-Verhaltensanweisungen hinterfragt worden, zu einseitig schiesse die Berichterstattung nur gegen US-Pr\u00e4sident Trump, Journalistinnen und Journalisten w\u00fcrden kommentieren statt informieren. Wird die Kritik des Publikums ernst genommen? Wo f\u00e4ngt Meinungsjournalismus an? Und d\u00fcrfen extreme Meinungen in Artikeln und Sendungen Platz haben?<\/strong><\/p>\n<p><a href=\"https:\/\/www.srf.ch\/play\/tv\/sendung\/medienclub?id=c6d39e43-98a0-0001-ec1a-10601a00a130\"><img loading=\"lazy\" decoding=\"async\" class=\"alignleft size-full wp-image-7914\" src=\"https:\/\/regulastaempfli.eu\/wp-content\/uploads\/2020\/06\/86bdb990-e01e-448b-969d-6fca146965c7.jpg\" alt=\"86bdb990-e01e-448b-969d-6fca146965c7\" width=\"1536\" height=\"2048\" srcset=\"https:\/\/regulastaempfli.eu\/wp-content\/uploads\/2020\/06\/86bdb990-e01e-448b-969d-6fca146965c7.jpg 1536w, https:\/\/regulastaempfli.eu\/wp-content\/uploads\/2020\/06\/86bdb990-e01e-448b-969d-6fca146965c7-225x300.jpg 225w, https:\/\/regulastaempfli.eu\/wp-content\/uploads\/2020\/06\/86bdb990-e01e-448b-969d-6fca146965c7-768x1024.jpg 768w\" sizes=\"auto, (max-width: 1536px) 100vw, 1536px\" \/><\/a><\/p>\n","protected":false},"excerpt":{"rendered":"<p>Regula St\u00e4mpfli im Schweizer Fernsehen, Medienclub: &#8220;Die Privatisierung von Staatsaufgaben beim Homeschooling wurde zu wenig von den Medien thematisiert&#8221; 16.6.2020 Pressetext SRF: Tatsachen und Meinungen \u2013 Wie objektiv berichten Medien? Seit Wochen dominieren zwei Ereignisse die Medien: die Coronakrise und &hellip; <a href=\"https:\/\/regulastaempfli.eu\/?p=7913\">Weiterlesen <span class=\"meta-nav\">&rarr;<\/span><\/a><\/p>\n","protected":false},"author":1,"featured_media":0,"comment_status":"closed","ping_status":"closed","sticky":false,"template":"","format":"standard","meta":{"_s2mail":"yes","footnotes":""},"categories":[5685,5684],"tags":[6476,6475],"class_list":["post-7913","post","type-post","status-publish","format-standard","hentry","category-ad-personam","category-politik-philosophie-design-it","tag-medienclub-die-privatisierung-von-staatsaufgaben-beim-homeschooling-wurde-zu-wenig-von-den-medien-thematisiert","tag-regula-staempfli-im-schweizer-fernsehen"],"_links":{"self":[{"href":"https:\/\/regulastaempfli.eu\/index.php?rest_route=\/wp\/v2\/posts\/7913","targetHints":{"allow":["GET"]}}],"collection":[{"href":"https:\/\/regulastaempfli.eu\/index.php?rest_route=\/wp\/v2\/posts"}],"about":[{"href":"https:\/\/regulastaempfli.eu\/index.php?rest_route=\/wp\/v2\/types\/post"}],"author":[{"embeddable":true,"href":"https:\/\/regulastaempfli.eu\/index.php?rest_route=\/wp\/v2\/users\/1"}],"replies":[{"embeddable":true,"href":"https:\/\/regulastaempfli.eu\/index.php?rest_route=%2Fwp%2Fv2%2Fcomments&post=7913"}],"version-history":[{"count":1,"href":"https:\/\/regulastaempfli.eu\/index.php?rest_route=\/wp\/v2\/posts\/7913\/revisions"}],"predecessor-version":[{"id":7915,"href":"https:\/\/regulastaempfli.eu\/index.php?rest_route=\/wp\/v2\/posts\/7913\/revisions\/7915"}],"wp:attachment":[{"href":"https:\/\/regulastaempfli.eu\/index.php?rest_route=%2Fwp%2Fv2%2Fmedia&parent=7913"}],"wp:term":[{"taxonomy":"category","embeddable":true,"href":"https:\/\/regulastaempfli.eu\/index.php?rest_route=%2Fwp%2Fv2%2Fcategories&post=7913"},{"taxonomy":"post_tag","embeddable":true,"href":"https:\/\/regulastaempfli.eu\/index.php?rest_route=%2Fwp%2Fv2%2Ftags&post=7913"}],"curies":[{"name":"wp","href":"https:\/\/api.w.org\/{rel}","templated":true}]}}