{"id":7744,"date":"2020-01-23T17:25:12","date_gmt":"2020-01-23T15:25:12","guid":{"rendered":"http:\/\/regulastaempfli.eu\/?p=7744"},"modified":"2020-01-23T17:25:18","modified_gmt":"2020-01-23T15:25:18","slug":"regula-staempfli-ueber-daten-demokratie-zukunft-digitaltransformation-podcast","status":"publish","type":"post","link":"https:\/\/regulastaempfli.eu\/?p=7744","title":{"rendered":"Regula St\u00e4mpfli \u00fcber Daten, Demokratie &#038; Zukunft: #DigitalTransformation #Podcast"},"content":{"rendered":"<p><strong>Als politische Philosophin besch\u00e4ftigt sich Regula St\u00e4mpfli unter anderem mit den gesellschaftlichen Umbr\u00fcchen infolge der Digitalisierung. Besondere Bedeutung misst sie medialen R\u00e4ume zu, ver\u00e4nderten Formen individueller Rezeption und Teilhabe. Der Umgang mit Daten ist von kapitalistischen Strukturen getrieben, technologische Entwicklung findet im Wechselspiel gegenseitiger Beeinflussung mit ihnen statt. Doch wie immer in Zeiten tiefgreifender Ver\u00e4nderung stellt sich die Situation h\u00f6chst widerspr\u00fcchlich dar. Die W\u00fcrfel sind in stetem Fallen und kaum etwas ist unab\u00e4nderlich.<\/strong><\/p>\n<p><a href=\"https:\/\/no-na.net\/dispositiv\/\"><img loading=\"lazy\" decoding=\"async\" class=\"alignleft size-full wp-image-7745\" src=\"https:\/\/regulastaempfli.eu\/wp-content\/uploads\/2020\/01\/Bildschirmfoto-2020-01-23-um-13.08.54.png\" alt=\"Bildschirmfoto 2020-01-23 um 13.08.54\" width=\"1026\" height=\"485\" srcset=\"https:\/\/regulastaempfli.eu\/wp-content\/uploads\/2020\/01\/Bildschirmfoto-2020-01-23-um-13.08.54.png 1026w, https:\/\/regulastaempfli.eu\/wp-content\/uploads\/2020\/01\/Bildschirmfoto-2020-01-23-um-13.08.54-300x142.png 300w, https:\/\/regulastaempfli.eu\/wp-content\/uploads\/2020\/01\/Bildschirmfoto-2020-01-23-um-13.08.54-768x363.png 768w, https:\/\/regulastaempfli.eu\/wp-content\/uploads\/2020\/01\/Bildschirmfoto-2020-01-23-um-13.08.54-1024x484.png 1024w, https:\/\/regulastaempfli.eu\/wp-content\/uploads\/2020\/01\/Bildschirmfoto-2020-01-23-um-13.08.54-500x236.png 500w\" sizes=\"auto, (max-width: 1026px) 100vw, 1026px\" \/><\/a><\/p>\n","protected":false},"excerpt":{"rendered":"<p>Als politische Philosophin besch\u00e4ftigt sich Regula St\u00e4mpfli unter anderem mit den gesellschaftlichen Umbr\u00fcchen infolge der Digitalisierung. Besondere Bedeutung misst sie medialen R\u00e4ume zu, ver\u00e4nderten Formen individueller Rezeption und Teilhabe. Der Umgang mit Daten ist von kapitalistischen Strukturen getrieben, technologische Entwicklung &hellip; <a href=\"https:\/\/regulastaempfli.eu\/?p=7744\">Weiterlesen <span class=\"meta-nav\">&rarr;<\/span><\/a><\/p>\n","protected":false},"author":1,"featured_media":0,"comment_status":"closed","ping_status":"closed","sticky":false,"template":"","format":"standard","meta":{"_s2mail":"yes","footnotes":""},"categories":[5685,5684],"tags":[6325,6326],"class_list":["post-7744","post","type-post","status-publish","format-standard","hentry","category-ad-personam","category-politik-philosophie-design-it","tag-als-politische-philosophin-beschaeftigt-sich-regula-staempfli-unter-anderem-mit-den-gesellschaftlichen-umbruechen-infolge-der-digitalisierung-besondere-bedeutung-misst-sie-medialen-raeume-zu","tag-veraenderten-formen-individueller-rezeption-und-teilhabe-der-umgang-mit-daten-ist-von-kapitalistischen-strukturen-getrieben"],"_links":{"self":[{"href":"https:\/\/regulastaempfli.eu\/index.php?rest_route=\/wp\/v2\/posts\/7744","targetHints":{"allow":["GET"]}}],"collection":[{"href":"https:\/\/regulastaempfli.eu\/index.php?rest_route=\/wp\/v2\/posts"}],"about":[{"href":"https:\/\/regulastaempfli.eu\/index.php?rest_route=\/wp\/v2\/types\/post"}],"author":[{"embeddable":true,"href":"https:\/\/regulastaempfli.eu\/index.php?rest_route=\/wp\/v2\/users\/1"}],"replies":[{"embeddable":true,"href":"https:\/\/regulastaempfli.eu\/index.php?rest_route=%2Fwp%2Fv2%2Fcomments&post=7744"}],"version-history":[{"count":1,"href":"https:\/\/regulastaempfli.eu\/index.php?rest_route=\/wp\/v2\/posts\/7744\/revisions"}],"predecessor-version":[{"id":7746,"href":"https:\/\/regulastaempfli.eu\/index.php?rest_route=\/wp\/v2\/posts\/7744\/revisions\/7746"}],"wp:attachment":[{"href":"https:\/\/regulastaempfli.eu\/index.php?rest_route=%2Fwp%2Fv2%2Fmedia&parent=7744"}],"wp:term":[{"taxonomy":"category","embeddable":true,"href":"https:\/\/regulastaempfli.eu\/index.php?rest_route=%2Fwp%2Fv2%2Fcategories&post=7744"},{"taxonomy":"post_tag","embeddable":true,"href":"https:\/\/regulastaempfli.eu\/index.php?rest_route=%2Fwp%2Fv2%2Ftags&post=7744"}],"curies":[{"name":"wp","href":"https:\/\/api.w.org\/{rel}","templated":true}]}}