{"id":7588,"date":"2019-09-12T12:56:28","date_gmt":"2019-09-12T10:56:28","guid":{"rendered":"http:\/\/regulastaempfli.eu\/?p=7588"},"modified":"2019-09-12T13:00:50","modified_gmt":"2019-09-12T11:00:50","slug":"regula-staempfli-ueber-den-hashtag-dichterdran-und-emerenz-meier-in-der-kulturzeitschrift-ensuite","status":"publish","type":"post","link":"https:\/\/regulastaempfli.eu\/?p=7588","title":{"rendered":"Regula St\u00e4mpfli \u00fcber den Hashtag #dichterdran und Emerenz Meier in der Kulturzeitschrift ENSUITE&#8221;. Wenn Frauen \u00fcber Autoren so schreiben wie Autoren \u00fcber Schriftstellerinnen."},"content":{"rendered":"<p>Das Gedicht \u201eStossseufzer\u201c von Emerenz Meier liest sich im Sommer 2019 wie ein Beitrag zum sehr lustigen, sehr wichtigen und aufkl\u00e4rerischen Hashtag #dichterdran. Die Schweizer Literaturwissenschaftlerin Nadia Br\u00fcgger hat ihn aus \u00c4rger \u00fcber die Rezension von Bestsellerautorin Sally Rooney, die \u201esexualisiert und in grossv\u00e4terlicher Manier geschm\u00e4lert\u201c wurde, mit Simone Meier (Watson) und der Regisseurin G\u00fczin Kar initiiert. Die Tweets zeigen die hochkomische Umkehr der Verh\u00e4ltnisse: Wenn Frauen \u00fcber Autoren schreiben wie M\u00e4nner \u00fcber Autorinnen, wird offensichtlich, wie sehr jede weibliche Kreativit\u00e4t und Innovation der Frauenrolle geopfert wird. Meist ausgerechnet praktiziert von einigen Feuilletonisten, die sich als besonders \u201efortschrittlich\u201c inszenieren.<\/p>\n<p><a href=\"https:\/\/www.ensuite.ch\/emerenz-meier-dichterdran\/\"><img loading=\"lazy\" decoding=\"async\" class=\"alignleft size-full wp-image-7589\" src=\"https:\/\/regulastaempfli.eu\/wp-content\/uploads\/2019\/09\/Bildschirmfoto-2019-09-12-um-12.44.25.png\" alt=\"Bildschirmfoto 2019-09-12 um 12.44.25\" width=\"375\" height=\"150\" srcset=\"https:\/\/regulastaempfli.eu\/wp-content\/uploads\/2019\/09\/Bildschirmfoto-2019-09-12-um-12.44.25.png 375w, https:\/\/regulastaempfli.eu\/wp-content\/uploads\/2019\/09\/Bildschirmfoto-2019-09-12-um-12.44.25-300x120.png 300w\" sizes=\"auto, (max-width: 375px) 100vw, 375px\" \/><\/a><\/p>\n","protected":false},"excerpt":{"rendered":"<p>Das Gedicht \u201eStossseufzer\u201c von Emerenz Meier liest sich im Sommer 2019 wie ein Beitrag zum sehr lustigen, sehr wichtigen und aufkl\u00e4rerischen Hashtag #dichterdran. Die Schweizer Literaturwissenschaftlerin Nadia Br\u00fcgger hat ihn aus \u00c4rger \u00fcber die Rezension von Bestsellerautorin Sally Rooney, die &hellip; <a href=\"https:\/\/regulastaempfli.eu\/?p=7588\">Weiterlesen <span class=\"meta-nav\">&rarr;<\/span><\/a><\/p>\n","protected":false},"author":1,"featured_media":0,"comment_status":"closed","ping_status":"closed","sticky":false,"template":"","format":"standard","meta":{"_s2mail":"yes","footnotes":""},"categories":[5683,5682],"tags":[6204,6206,6202,6205,6203],"class_list":["post-7588","post","type-post","status-publish","format-standard","hentry","category-kolumnen","category-literaturblog","tag-diese-emerenz-meier","tag-gestorben-1928-in-chicago","tag-regula-staempfli-ueber-den-hashtag-dichterdran-und-emerenz-meier-in-der-kulturzeitschrift-ensuite","tag-so-reklamiert-man-noch-heute-im-bayrischen-hinterwald-die-heimatdichterin-aus-dem-bayerischen-wald-geboren-1874","tag-von-dr-regula-staempfli-sie-sei-unmoeglich-gewesen"],"_links":{"self":[{"href":"https:\/\/regulastaempfli.eu\/index.php?rest_route=\/wp\/v2\/posts\/7588","targetHints":{"allow":["GET"]}}],"collection":[{"href":"https:\/\/regulastaempfli.eu\/index.php?rest_route=\/wp\/v2\/posts"}],"about":[{"href":"https:\/\/regulastaempfli.eu\/index.php?rest_route=\/wp\/v2\/types\/post"}],"author":[{"embeddable":true,"href":"https:\/\/regulastaempfli.eu\/index.php?rest_route=\/wp\/v2\/users\/1"}],"replies":[{"embeddable":true,"href":"https:\/\/regulastaempfli.eu\/index.php?rest_route=%2Fwp%2Fv2%2Fcomments&post=7588"}],"version-history":[{"count":3,"href":"https:\/\/regulastaempfli.eu\/index.php?rest_route=\/wp\/v2\/posts\/7588\/revisions"}],"predecessor-version":[{"id":7592,"href":"https:\/\/regulastaempfli.eu\/index.php?rest_route=\/wp\/v2\/posts\/7588\/revisions\/7592"}],"wp:attachment":[{"href":"https:\/\/regulastaempfli.eu\/index.php?rest_route=%2Fwp%2Fv2%2Fmedia&parent=7588"}],"wp:term":[{"taxonomy":"category","embeddable":true,"href":"https:\/\/regulastaempfli.eu\/index.php?rest_route=%2Fwp%2Fv2%2Fcategories&post=7588"},{"taxonomy":"post_tag","embeddable":true,"href":"https:\/\/regulastaempfli.eu\/index.php?rest_route=%2Fwp%2Fv2%2Ftags&post=7588"}],"curies":[{"name":"wp","href":"https:\/\/api.w.org\/{rel}","templated":true}]}}