{"id":7554,"date":"2019-08-11T17:21:06","date_gmt":"2019-08-11T15:21:06","guid":{"rendered":"http:\/\/regulastaempfli.eu\/?p=7554"},"modified":"2019-08-11T17:21:11","modified_gmt":"2019-08-11T15:21:11","slug":"regula-staempfli-ueber-insta-stars-avant-la-lettre-in-der-vermessung-der-frau-guetersloh-2013-ja-der-narzissmus-wird-auch-behandelt-deshalb-hier-spiegelschrift","status":"publish","type":"post","link":"https:\/\/regulastaempfli.eu\/?p=7554","title":{"rendered":"Regula St\u00e4mpfli \u00fcber Insta-Stars avant la lettre in der Vermessung der Frau, G\u00fctersloh 2013: Ja. Der Narzissmus wird auch behandelt, deshalb hier Spiegelschrift"},"content":{"rendered":"<p><img loading=\"lazy\" decoding=\"async\" class=\"alignleft size-full wp-image-7556\" src=\"https:\/\/regulastaempfli.eu\/wp-content\/uploads\/2019\/08\/vermessung-regula-sta\u0308mpfli-1-e1565536780146.jpg\" alt=\"vermessung regula sta\u0308mpfli\" width=\"3024\" height=\"4032\" srcset=\"https:\/\/regulastaempfli.eu\/wp-content\/uploads\/2019\/08\/vermessung-regula-sta\u0308mpfli-1-e1565536780146.jpg 3024w, https:\/\/regulastaempfli.eu\/wp-content\/uploads\/2019\/08\/vermessung-regula-sta\u0308mpfli-1-e1565536780146-225x300.jpg 225w, https:\/\/regulastaempfli.eu\/wp-content\/uploads\/2019\/08\/vermessung-regula-sta\u0308mpfli-1-e1565536780146-768x1024.jpg 768w\" sizes=\"auto, (max-width: 3024px) 100vw, 3024px\" \/><\/p>\n","protected":false},"excerpt":{"rendered":"","protected":false},"author":1,"featured_media":0,"comment_status":"closed","ping_status":"closed","sticky":false,"template":"","format":"standard","meta":{"_s2mail":"yes","footnotes":""},"categories":[5685,5684],"tags":[2176,6185,6181,6184,6182,6180,6183],"class_list":["post-7554","post","type-post","status-publish","format-standard","hentry","category-ad-personam","category-politik-philosophie-design-it","tag-vermessenleaks","tag-deshalb-hier-spiegelschrift","tag-frauen-und-macht","tag-guetersloh-2013-ja-der-narzissmus-wird-auch-behandelt","tag-instastars","tag-regula-staempfli-die-vermessung-der-frau","tag-regula-staempfli-ueber-insta-stars-avant-la-lettre-in-der-vermessung-der-frau"],"_links":{"self":[{"href":"https:\/\/regulastaempfli.eu\/index.php?rest_route=\/wp\/v2\/posts\/7554","targetHints":{"allow":["GET"]}}],"collection":[{"href":"https:\/\/regulastaempfli.eu\/index.php?rest_route=\/wp\/v2\/posts"}],"about":[{"href":"https:\/\/regulastaempfli.eu\/index.php?rest_route=\/wp\/v2\/types\/post"}],"author":[{"embeddable":true,"href":"https:\/\/regulastaempfli.eu\/index.php?rest_route=\/wp\/v2\/users\/1"}],"replies":[{"embeddable":true,"href":"https:\/\/regulastaempfli.eu\/index.php?rest_route=%2Fwp%2Fv2%2Fcomments&post=7554"}],"version-history":[{"count":1,"href":"https:\/\/regulastaempfli.eu\/index.php?rest_route=\/wp\/v2\/posts\/7554\/revisions"}],"predecessor-version":[{"id":7557,"href":"https:\/\/regulastaempfli.eu\/index.php?rest_route=\/wp\/v2\/posts\/7554\/revisions\/7557"}],"wp:attachment":[{"href":"https:\/\/regulastaempfli.eu\/index.php?rest_route=%2Fwp%2Fv2%2Fmedia&parent=7554"}],"wp:term":[{"taxonomy":"category","embeddable":true,"href":"https:\/\/regulastaempfli.eu\/index.php?rest_route=%2Fwp%2Fv2%2Fcategories&post=7554"},{"taxonomy":"post_tag","embeddable":true,"href":"https:\/\/regulastaempfli.eu\/index.php?rest_route=%2Fwp%2Fv2%2Ftags&post=7554"}],"curies":[{"name":"wp","href":"https:\/\/api.w.org\/{rel}","templated":true}]}}