{"id":7544,"date":"2019-08-08T12:04:50","date_gmt":"2019-08-08T10:04:50","guid":{"rendered":"http:\/\/regulastaempfli.eu\/?p=7544"},"modified":"2019-08-08T12:04:55","modified_gmt":"2019-08-08T10:04:55","slug":"regula-staempfli-ueber-selfism-in-den-medien-die-veraenderungen-der-demokratie-politischen-kommunikation-im-medienwandel-durch-die-digitale-revolution","status":"publish","type":"post","link":"https:\/\/regulastaempfli.eu\/?p=7544","title":{"rendered":"Regula St\u00e4mpfli \u00fcber Selfism in den Medien, die Ver\u00e4nderungen der Demokratie &#038; politischen Kommunikation im Medienwandel durch die Digitale Revolution"},"content":{"rendered":"<div class=\"articlelead\">\n<h1>\u00abDer \u2039Selfism\u203a grassiert gegenw\u00e4rtig in voller Wucht\u00bb<\/h1>\n<\/div>\n<div class=\"articlelead\"><strong>Ein neues Ph\u00e4nomen erobert die Welt: \u00abTrumpism\u00bb. Die Autorin zeigt in ihrem, schon in zweiter Auflage erschienen aktuellen Buch, wie die Verletzung der menschlichen W\u00fcrde via 140 Zeichen in den politischen Alltag eingreift. Ein Gespr\u00e4ch \u00fcber Trump, Salvini, Hashtagfeministinnen, Amokl\u00e4ufe, Twitter und Tribute.<\/strong><\/div>\n<div class=\"articlelead\">Zwischen Show und Person gibt es in Zeiten technischer Umbr\u00fcche keinen Unterschied. Die Trennung zwischen \u00f6ffentlich und privat ist v\u00f6llig aufgehoben mit dem Resultat, dass nicht mehr um Institutionen gek\u00e4mpft und im \u00f6ffentlichen Raum nach gegebenen Regeln gestritten wird. Es werden Menschen aufgrund ihrer Ansichten oder biologischen Erscheinung der Vernichtung preisgegeben \u2013 siehe Hate-Speech. Und zwar von allen politischen Seiten. Dieser \u00abSelfism\u00bb, der Aufstieg des herrschs\u00fcchtigen, ungebundenen Selbst, das links und rechts vergoldet wird, grassiert gegenw\u00e4rtig in voller Wucht. Dass vor lauter Trump auch die Gegnerinnen v\u00f6llig totalit\u00e4r werden, erkennen nur Wenige, wof\u00fcr ich den Begriff \u00abBlindspirale\u00bb entwickelt habe. Den Aufstieg des 45. Pr\u00e4sidenten setze ich auch in Zusammenhang mit dem 44.&nbsp; \u2013 eines der schwierigsten Kapitel \u00fcber die Mitt\u00e4terschaft von Barack Obama am gewachsenen Zerfall westlicher Demokratien. Dies alles setze ich in Bezug zur Welttheorie von Hannah Arendt (lacht). Sie sehen, es geht wirklich um viel und kein Wunder habe ich viel l\u00e4nger gebraucht, das Buch zu Ende zu bringen als geplant.<\/div>\n<div class=\"articlelead\"><strong><em>PS: Nachtrag vom 8.8.2019. Immer wieder gibt es Kollegen und Kolleginnen, die St\u00e4mpflis Werk abkupfern, ohne sie zu zitieren. Nicht zuletzt deshalb werden die wichtigen Artikel und Innovationen hier dokumentiert.&nbsp;<\/em><\/strong><\/div>\n<p><a href=\"https:\/\/www.persoenlich.com\/gesellschaft\/der-selfism-grassiert-gegenwartig-in-voller-wucht\"><img loading=\"lazy\" decoding=\"async\" class=\"alignleft size-full wp-image-7545\" src=\"https:\/\/regulastaempfli.eu\/wp-content\/uploads\/2019\/08\/perso\u0308nlich-foto.jpg\" alt=\"perso\u0308nlich foto\" width=\"768\" height=\"1024\" srcset=\"https:\/\/regulastaempfli.eu\/wp-content\/uploads\/2019\/08\/perso\u0308nlich-foto.jpg 768w, https:\/\/regulastaempfli.eu\/wp-content\/uploads\/2019\/08\/perso\u0308nlich-foto-225x300.jpg 225w\" sizes=\"auto, (max-width: 768px) 100vw, 768px\" \/><\/a><\/p>\n","protected":false},"excerpt":{"rendered":"<p>\u00abDer \u2039Selfism\u203a grassiert gegenw\u00e4rtig in voller Wucht\u00bb Ein neues Ph\u00e4nomen erobert die Welt: \u00abTrumpism\u00bb. Die Autorin zeigt in ihrem, schon in zweiter Auflage erschienen aktuellen Buch, wie die Verletzung der menschlichen W\u00fcrde via 140 Zeichen in den politischen Alltag eingreift. &hellip; <a href=\"https:\/\/regulastaempfli.eu\/?p=7544\">Weiterlesen <span class=\"meta-nav\">&rarr;<\/span><\/a><\/p>\n","protected":false},"author":1,"featured_media":0,"comment_status":"closed","ping_status":"closed","sticky":false,"template":"","format":"standard","meta":{"_s2mail":"yes","footnotes":""},"categories":[5685,5683,5684],"tags":[6173],"class_list":["post-7544","post","type-post","status-publish","format-standard","hentry","category-ad-personam","category-kolumnen","category-politik-philosophie-design-it","tag-zwischen-show-und-person-gibt-es-in-zeiten-technischer-umbrueche-keinen-unterschied-die-trennung-zwischen-oeffentlich-und-privat-ist-voellig-aufgehoben-mit-dem-resultat"],"_links":{"self":[{"href":"https:\/\/regulastaempfli.eu\/index.php?rest_route=\/wp\/v2\/posts\/7544","targetHints":{"allow":["GET"]}}],"collection":[{"href":"https:\/\/regulastaempfli.eu\/index.php?rest_route=\/wp\/v2\/posts"}],"about":[{"href":"https:\/\/regulastaempfli.eu\/index.php?rest_route=\/wp\/v2\/types\/post"}],"author":[{"embeddable":true,"href":"https:\/\/regulastaempfli.eu\/index.php?rest_route=\/wp\/v2\/users\/1"}],"replies":[{"embeddable":true,"href":"https:\/\/regulastaempfli.eu\/index.php?rest_route=%2Fwp%2Fv2%2Fcomments&post=7544"}],"version-history":[{"count":1,"href":"https:\/\/regulastaempfli.eu\/index.php?rest_route=\/wp\/v2\/posts\/7544\/revisions"}],"predecessor-version":[{"id":7546,"href":"https:\/\/regulastaempfli.eu\/index.php?rest_route=\/wp\/v2\/posts\/7544\/revisions\/7546"}],"wp:attachment":[{"href":"https:\/\/regulastaempfli.eu\/index.php?rest_route=%2Fwp%2Fv2%2Fmedia&parent=7544"}],"wp:term":[{"taxonomy":"category","embeddable":true,"href":"https:\/\/regulastaempfli.eu\/index.php?rest_route=%2Fwp%2Fv2%2Fcategories&post=7544"},{"taxonomy":"post_tag","embeddable":true,"href":"https:\/\/regulastaempfli.eu\/index.php?rest_route=%2Fwp%2Fv2%2Ftags&post=7544"}],"curies":[{"name":"wp","href":"https:\/\/api.w.org\/{rel}","templated":true}]}}