{"id":7161,"date":"2018-11-01T13:25:19","date_gmt":"2018-11-01T11:25:19","guid":{"rendered":"http:\/\/regulastaempfli.eu\/?p=7161"},"modified":"2018-11-01T13:25:40","modified_gmt":"2018-11-01T11:25:40","slug":"regula-staempfli-im-persoenlich-com-magazin-der-schweizerischen-kommunikationswirtschaft-zu-ihrem-neuen-buch-trumpism-ein-phaenomen-veraendert-die-welt-der-selfism-grassiert-heute-ueberall","status":"publish","type":"post","link":"https:\/\/regulastaempfli.eu\/?p=7161","title":{"rendered":"Regula St\u00e4mpfli im &#8220;pers\u00f6nlich.com Magazin der schweizerischen Kommunikationswirtschaft&#8221; zu ihrem neuen Buch: Trumpism. Ein Ph\u00e4nomen ver\u00e4ndert die Welt. &#8220;Der Selfism&#8221; grassiert heute \u00fcberall. Eine politphilosophische Betrachtung."},"content":{"rendered":"<p><a href=\"https:\/\/www.persoenlich.com\/gesellschaft\/der-selfism-grassiert-gegenwartig-in-voller-wucht\"><img loading=\"lazy\" decoding=\"async\" class=\"alignleft size-full wp-image-7162\" src=\"https:\/\/regulastaempfli.eu\/wp-content\/uploads\/2018\/11\/Bildschirmfoto-2018-11-01-um-12.21.31.png\" alt=\"Bildschirmfoto 2018-11-01 um 12.21.31\" width=\"763\" height=\"558\" srcset=\"https:\/\/regulastaempfli.eu\/wp-content\/uploads\/2018\/11\/Bildschirmfoto-2018-11-01-um-12.21.31.png 763w, https:\/\/regulastaempfli.eu\/wp-content\/uploads\/2018\/11\/Bildschirmfoto-2018-11-01-um-12.21.31-300x219.png 300w, https:\/\/regulastaempfli.eu\/wp-content\/uploads\/2018\/11\/Bildschirmfoto-2018-11-01-um-12.21.31-410x300.png 410w\" sizes=\"auto, (max-width: 763px) 100vw, 763px\" \/><\/a><\/p>\n","protected":false},"excerpt":{"rendered":"","protected":false},"author":1,"featured_media":0,"comment_status":"closed","ping_status":"closed","sticky":false,"template":"","format":"standard","meta":{"_s2mail":"yes","footnotes":""},"categories":[5685,5684],"tags":[],"class_list":["post-7161","post","type-post","status-publish","format-standard","hentry","category-ad-personam","category-politik-philosophie-design-it"],"_links":{"self":[{"href":"https:\/\/regulastaempfli.eu\/index.php?rest_route=\/wp\/v2\/posts\/7161","targetHints":{"allow":["GET"]}}],"collection":[{"href":"https:\/\/regulastaempfli.eu\/index.php?rest_route=\/wp\/v2\/posts"}],"about":[{"href":"https:\/\/regulastaempfli.eu\/index.php?rest_route=\/wp\/v2\/types\/post"}],"author":[{"embeddable":true,"href":"https:\/\/regulastaempfli.eu\/index.php?rest_route=\/wp\/v2\/users\/1"}],"replies":[{"embeddable":true,"href":"https:\/\/regulastaempfli.eu\/index.php?rest_route=%2Fwp%2Fv2%2Fcomments&post=7161"}],"version-history":[{"count":1,"href":"https:\/\/regulastaempfli.eu\/index.php?rest_route=\/wp\/v2\/posts\/7161\/revisions"}],"predecessor-version":[{"id":7163,"href":"https:\/\/regulastaempfli.eu\/index.php?rest_route=\/wp\/v2\/posts\/7161\/revisions\/7163"}],"wp:attachment":[{"href":"https:\/\/regulastaempfli.eu\/index.php?rest_route=%2Fwp%2Fv2%2Fmedia&parent=7161"}],"wp:term":[{"taxonomy":"category","embeddable":true,"href":"https:\/\/regulastaempfli.eu\/index.php?rest_route=%2Fwp%2Fv2%2Fcategories&post=7161"},{"taxonomy":"post_tag","embeddable":true,"href":"https:\/\/regulastaempfli.eu\/index.php?rest_route=%2Fwp%2Fv2%2Ftags&post=7161"}],"curies":[{"name":"wp","href":"https:\/\/api.w.org\/{rel}","templated":true}]}}