{"id":11777,"date":"2026-04-27T09:15:25","date_gmt":"2026-04-27T07:15:25","guid":{"rendered":"https:\/\/regulastaempfli.eu\/?p=11777"},"modified":"2026-04-27T09:42:43","modified_gmt":"2026-04-27T07:42:43","slug":"ahistorische-live-fetischismus-medienkritik-an-der-podcast-serie-leni-riefenstahl-influencerin-des-boesen-von-regula-staempfli-hannaharendtlectures","status":"publish","type":"post","link":"https:\/\/regulastaempfli.eu\/?p=11777","title":{"rendered":"Ahistorische Live-Fetischismus: Medienkritik an der Podcast-Serie &#8220;Leni Riefenstahl \u2013 Influencerin des B\u00f6sen&#8221; von Regula Staempfli. #HannahArendtLectures."},"content":{"rendered":"\n<p>Stellt Euch\/stellen Sie sich vor, Sie streamen auf Spotify den \u00f6ffentlich-rechtlichen Geschichtspodcast mit dem Namen &#8220;Leni Riefenstahl \u2013 Influencerin des B\u00f6sen.&#8221; Sie kriegen eine Redakteurin, die in der Ich-Form spricht und \u00fcber &#8220;Hitlers Filmemacherin&#8221; (laStaempfli-Begriff) nachdenkt, sich in sie hineinf\u00fchlt und ihr ganz eigenes Verh\u00e4ltnis zur \u00c4sthetin des Grauens definiert. Da erscheint &#8220;Leni Riefenstahl&#8221; als badass, empowerte, leicht missverstandene &#8220;Boss-Babe&#8221; der 1930er. Eine starke Frau halt in einer toxischen M\u00e4nnerwelt. Ambivalente K\u00fcnstlerin mit komplizierten Gef\u00fchlen. Karrierefrau, die einfach nur ihren Traum lebte, nicht wahr? Sogar ein MeToo-Opfer k\u00f6nnte sie gewesen sein, einfach mit Hakenkreuz-Accessoire. Und das Wort \u201eJude\u201c f\u00e4llt sehr sp\u00e4t in dieser Geschichte zum Nationalsozialismus, sehr sp\u00e4t und zwar irgendwie so wie ein unangenehmes Gelenkknacken in der Yoga-Stunde. Der &#8220;Geschichtspodcast&#8221; schreibt quasi die Geschichte neu &#8211; Nationalsozialismus ist nicht in erster Linie antisemitisch, sondern &#8220;rassistisch.&#8221;<\/p>\n\n\n\n<figure class=\"wp-block-image size-full\"><a href=\"https:\/\/regulastaempfli.eu\/wp-content\/uploads\/2026\/04\/Bildschirmfoto-2026-04-26-um-14.17.46.png\"><img loading=\"lazy\" decoding=\"async\" width=\"938\" height=\"664\" src=\"https:\/\/regulastaempfli.eu\/wp-content\/uploads\/2026\/04\/Bildschirmfoto-2026-04-26-um-14.17.46.png\" alt=\"\" class=\"wp-image-11778\" srcset=\"https:\/\/regulastaempfli.eu\/wp-content\/uploads\/2026\/04\/Bildschirmfoto-2026-04-26-um-14.17.46.png 938w, https:\/\/regulastaempfli.eu\/wp-content\/uploads\/2026\/04\/Bildschirmfoto-2026-04-26-um-14.17.46-300x212.png 300w, https:\/\/regulastaempfli.eu\/wp-content\/uploads\/2026\/04\/Bildschirmfoto-2026-04-26-um-14.17.46-768x544.png 768w, https:\/\/regulastaempfli.eu\/wp-content\/uploads\/2026\/04\/Bildschirmfoto-2026-04-26-um-14.17.46-424x300.png 424w\" sizes=\"auto, (max-width: 938px) 100vw, 938px\" \/><\/a><\/figure>\n\n\n\n<p>Aber das Zentrum? Das Zentrum ist weg. Verschoben. Weggecancelt. Umcodiert. Willkommen in der gro\u00dfen ahistorischen Live-Orgie unserer Zeit. Hitler? Toxischer Ex-Freund mit Charisma-Problem. Riefenstahl? Influencerin mit schlechtem M\u00e4nnergeschmack und geilem Licht-Setup. Propaganda? Clevere Content-Strategie mit etwas zu viel Filter. Der &#8220;Holocaust&#8221; &#8211; eine Sprechblase; von Shoah wird eh nie geredet im Podcast. Antisemitismus? Gibt es nicht; das war &#8220;Rassismus.&#8221; Viel zu viele Opfer. Tragisch.&#8221; Klingt wie: Thoughts and prayers to us all. Und schwupps \u2013 das Spezifische ist weg. Das Konkrete. Das Politische. Der Zivilisationsbruch. Die Ausrottung des europ\u00e4ischen Judentums. Aus der industriellen Vernichtung eines ganzen Volkes \u2013 der Juden, nicht irgendeiner austauschbaren Minderheit \u2013 wird in eine allgemeine, weiche, gut verdauliche Opfergeschichte, in der sich jeder irgendwie wiederfindet, verpackt. Alle Opfer, vor allem die Queers, die Sinti und Roma, die Zwangsarbeitenden, werden beklagt. Hier wird moralisch aufgeladen, Hauptsache, es f\u00fchlt sich richtig an, gegen\u00fcber dieser &#8220;Influencerin des B\u00f6sen&#8221;, die die Redakteurin offensichtlich fasziniert. Riefenstahl wird privatisiert &#8211; das ist der ahistorische Live-Fetischismus in Reinform: Die Vergangenheit wird als Selfie-Fiktion ins &#8220;Jetzt&#8221; geholt, \u00fcbersetzt, getagged, um mit den aktuellen Moral-Emojis versehen werden. Man seziert im Podcast die T\u00e4ter so liebevoll, als w\u00e4ren sie komplizierte Indie-Band-Mitglieder mit Traumata. Man entdeckt ihre \u201emenschliche Seite\u201c. Man findet sie \u201efaszinierend\u201c. Man nennt sie \u201eambivalent\u201c. Man gibt ihnen fast schon eine kleine Fan-Fiction. <strong>Und w\u00e4hrenddessen verschwindet das eigentlich Erschreckende: dass ganz normale, teils hochgebildete, teils \u00e4sthetisch sensible Menschen ein ganzes System der Vernichtung nicht nur mitgemacht, sondern begeistert mit organisiert haben \u2013 nicht aus \u201eToxizit\u00e4t\u201c, nicht aus \u201ePatriarchat\u201c, nicht aus \u201eschlechtem Parenting\u201c, sondern aus einer expliziten, wahnhaften, politischen Ideologie. So wird Geschichte ausgel\u00f6scht.<\/strong> Stattdessen: <strong>&#8220;Feel the History. Smell the 1930s. Vibe with the evil. &#8221; &#8211; dies der Sound, der mir in dieser Podcast-Serie auf die Ohren schallt<\/strong><\/p>\n\n\n\n<p>Auf X &#8211; formuliert laStaempfli zum Podcast einen Artikel; Substack sollte schon l\u00e4ngst folgen, doch soviele Kan\u00e4le, die heutzutage bespielt werden m\u00fcssen, machen Medienarbeit nicht nur einfach. Lesen Sie den ganzen Artikel auf x, siehe <a href=\"https:\/\/x.com\/laStaempfli\/status\/2048373483281715510?s=20\">https:\/\/x.com\/laStaempfli\/status\/2048373483281715510?s=20<\/a><\/p>\n\n\n\n<p>Und hier noch ein anderer Link: <a href=\"https:\/\/x.com\/Rohnerin\/status\/2048663143350460426?s=20\">https:\/\/x.com\/Rohnerin\/status\/2048663143350460426?s=20<\/a><\/p>\n\n\n\n<p><\/p>\n","protected":false},"excerpt":{"rendered":"<p>Stellt Euch\/stellen Sie sich vor, Sie streamen auf Spotify den \u00f6ffentlich-rechtlichen Geschichtspodcast mit dem Namen &#8220;Leni Riefenstahl \u2013 Influencerin des B\u00f6sen.&#8221; Sie kriegen eine Redakteurin, die in der Ich-Form spricht und \u00fcber &#8220;Hitlers Filmemacherin&#8221; (laStaempfli-Begriff) nachdenkt, sich in sie hineinf\u00fchlt &hellip; <a href=\"https:\/\/regulastaempfli.eu\/?p=11777\">Weiterlesen <span class=\"meta-nav\">&rarr;<\/span><\/a><\/p>\n","protected":false},"author":1,"featured_media":11778,"comment_status":"closed","ping_status":"closed","sticky":false,"template":"","format":"standard","meta":{"_s2mail":"","footnotes":""},"categories":[7051,8794,6579,9805,5685,8275,5684,7369,10156],"tags":[10488,453],"class_list":["post-11777","post","type-post","status-publish","format-standard","has-post-thumbnail","hentry","category-artisapieceofcake","category-demokratie","category-diepodcastin","category-hannaharendtlectures-by-lastaempfli","category-ad-personam","category-nzz","category-politik-philosophie-design-it","category-ta-swiss-future-podcast","category-ted-tedx","tag-ahistorische-live-fetischismus-medienkritik-an-der-podcast-serie-leni-riefenstahl-influencerin-des-boesen-von-regula-staempfli","tag-demokratie"],"_links":{"self":[{"href":"https:\/\/regulastaempfli.eu\/index.php?rest_route=\/wp\/v2\/posts\/11777","targetHints":{"allow":["GET"]}}],"collection":[{"href":"https:\/\/regulastaempfli.eu\/index.php?rest_route=\/wp\/v2\/posts"}],"about":[{"href":"https:\/\/regulastaempfli.eu\/index.php?rest_route=\/wp\/v2\/types\/post"}],"author":[{"embeddable":true,"href":"https:\/\/regulastaempfli.eu\/index.php?rest_route=\/wp\/v2\/users\/1"}],"replies":[{"embeddable":true,"href":"https:\/\/regulastaempfli.eu\/index.php?rest_route=%2Fwp%2Fv2%2Fcomments&post=11777"}],"version-history":[{"count":3,"href":"https:\/\/regulastaempfli.eu\/index.php?rest_route=\/wp\/v2\/posts\/11777\/revisions"}],"predecessor-version":[{"id":11781,"href":"https:\/\/regulastaempfli.eu\/index.php?rest_route=\/wp\/v2\/posts\/11777\/revisions\/11781"}],"wp:featuredmedia":[{"embeddable":true,"href":"https:\/\/regulastaempfli.eu\/index.php?rest_route=\/wp\/v2\/media\/11778"}],"wp:attachment":[{"href":"https:\/\/regulastaempfli.eu\/index.php?rest_route=%2Fwp%2Fv2%2Fmedia&parent=11777"}],"wp:term":[{"taxonomy":"category","embeddable":true,"href":"https:\/\/regulastaempfli.eu\/index.php?rest_route=%2Fwp%2Fv2%2Fcategories&post=11777"},{"taxonomy":"post_tag","embeddable":true,"href":"https:\/\/regulastaempfli.eu\/index.php?rest_route=%2Fwp%2Fv2%2Ftags&post=11777"}],"curies":[{"name":"wp","href":"https:\/\/api.w.org\/{rel}","templated":true}]}}