{"id":11689,"date":"2026-03-12T14:01:05","date_gmt":"2026-03-12T12:01:05","guid":{"rendered":"https:\/\/regulastaempfli.eu\/?p=11689"},"modified":"2026-03-12T14:02:11","modified_gmt":"2026-03-12T12:02:11","slug":"regula-staempfli-medienkritik-schlagende-zeilen-diesmal-markus-lanz-richard-david-precht-podcast-vom-6-maerz-2026-wie-durch-schweigespirale-und-framing-in-oeffentlich-rechtlichen-institutionen-un","status":"publish","type":"post","link":"https:\/\/regulastaempfli.eu\/?p=11689","title":{"rendered":"Regula Staempfli Medienkritik: Schlagende Zeilen. Diesmal Markus Lanz\/Richard David Precht, Podcast vom 6. M\u00e4rz 2026. Wie durch Schweigespirale und Framing in \u00f6ffentlich-rechtlichen Institutionen unsere westlichen Demokratien zersetzt werden."},"content":{"rendered":"\n<figure class=\"wp-block-image size-large\"><a href=\"https:\/\/regulastaempfli.eu\/wp-content\/uploads\/2026\/03\/Bildschirmfoto-2026-03-12-um-10.14.01.png\"><img loading=\"lazy\" decoding=\"async\" width=\"854\" height=\"1024\" src=\"https:\/\/regulastaempfli.eu\/wp-content\/uploads\/2026\/03\/Bildschirmfoto-2026-03-12-um-10.14.01-854x1024.png\" alt=\"\" class=\"wp-image-11690\" srcset=\"https:\/\/regulastaempfli.eu\/wp-content\/uploads\/2026\/03\/Bildschirmfoto-2026-03-12-um-10.14.01-854x1024.png 854w, https:\/\/regulastaempfli.eu\/wp-content\/uploads\/2026\/03\/Bildschirmfoto-2026-03-12-um-10.14.01-250x300.png 250w, https:\/\/regulastaempfli.eu\/wp-content\/uploads\/2026\/03\/Bildschirmfoto-2026-03-12-um-10.14.01-768x921.png 768w, https:\/\/regulastaempfli.eu\/wp-content\/uploads\/2026\/03\/Bildschirmfoto-2026-03-12-um-10.14.01.png 1066w\" sizes=\"auto, (max-width: 854px) 100vw, 854px\" \/><\/a><\/figure>\n\n\n\n<p><strong>Podcast Lanz\/Precht und die Zersetzung unserer \u00f6ffentlicher Institutionen.<\/strong><br><\/p>\n\n\n\n<p>Im Podcast vom 6.3.26 bezeichnen Herr Precht &amp; Herr Lanz den Iran-Krieg als Ablenkungsman\u00f6ver. Amerika soll, so Precht, der eigenen Angaben nach nicht wirklich englisch spricht, also nie Originalquellen konsultiert, nur in den Krieg gegangen sein wegen den \u00d6lreserven und wegen Donald Trump, der keine Unterst\u00fctzung mehr hat.Israel, so Lanz, benutze den Krieg nur um ein &#8220;Grossisrael&#8221; zu errichten. Antisemitische Verschw\u00f6rung pur.Zwei M\u00e4nner, die sich f\u00fcr intellektuell halten, sprechen \u00fcber Israel, als w\u00e4re es ein <strong>soziologisches Experiment<\/strong>.Kein Wort \u00fcber die Realit\u00e4t des 7. Oktober 2023 als antisemitisches Pogrom.<strong>Kein Wort \u00fcber die islamofaschistischen Terrorangriffe und st\u00e4ndigen Raketenbeschuss gegen das Land, das kleiner ist als die Schweiz.Kein einziger Tatsachenbericht \u00fcber die existenzielle Lage eines Landes, das seit seiner Gr\u00fcndung um sein \u00dcberleben k\u00e4mpfen muss, jeden Krieg gewinnt und dann doch nicht Kriegsgewinner werden darf.Lanz\/Precht erkl\u00e4ren den Deutschen als Deutsche &#8220;mit besonderer Mission&#8221; die Juden und J\u00fcdinnen, den Staat Israel. Sie belehren die Juden und J\u00fcdinnen, den Staat Israel, sie messen ihn, sie moralisieren ihn.<\/strong><br>Es ist diese Mischung aus Halbwissen, Selbstgewissheit und historischer Amnesie, die Hannah Arendt als Verlust der Urteilskraft und totalit\u00e4rer Weltabgewandtheit beschrieben h\u00e4tte. Wer Israel aus der bequemen \u201eKemenate\u201c-Podcast-Distanz beurteilt, ohne sich mit historischen Tatsachen, mit der Realit\u00e4t des Nahen Ostens und mit den realen Menschen, die in Israel leben, darunter \u00fcbrigens \u00fcber 2 Millionen Araber, auseinanderzusetzen, betreibt keine Aufkl\u00e4rung. <strong>Er verbreitet totalit\u00e4res Denken. \u201eDen modernen Ideologen geht es immer darum, einen permanenten Sieg auf Kosten der Wirklichkeit selbst zu erringen. Die einen, k\u00f6nnte man sagen, zerst\u00f6rten die W\u00fcrde des menschlichen Denkens w\u00e4hren die anderen versuchen, die W\u00fcrde des handelnden Menschen und seine geschichtliche Realit\u00e4t zu vernichten.\u201c<br><\/strong><br><strong>Lanz\/Precht geh\u00f6ren zu den tonangebenden Meinungsmachern: Ihr Podcast hat Millionen H\u00f6rerinnen und H\u00f6rer. \u00c4hnlich wie Megyn Kelly, Tucker Carlson und Candice Owens in den von ihnen so verachteten USA, hetzen sie mit ihrem Talk w\u00f6chentlich gegen die unf\u00e4higen Politiker im Westen, allen voran Donald Trump. Die ZDF-Stars tragen mit ihrer Omnipr\u00e4senz zum riesigen Politikverlust und Misstrauen gegen\u00fcber unseren demokratischen Institutionen bei. So gehen Demokratien &#8211; siehe mein &#8220;Algorithmic Age.&#8221;Precht\/Lanz werden in die Geschichte eingehen als f\u00fchrende Meinungsmacher, die den westlichen Demokratien erheblichen Schaden zugef\u00fcgt haben.Sie tun es mit Framing und dr\u00f6hnenden Schweigen gegen\u00fcber der islamofaschistischen Eroberungsstrategien bspw. durch den Iran, gegen\u00fcber der &#8220;staatskapitalistischen Umarmung&#8221; der gesamten Welt durch die VR China etc.. Lanz\/Precht haben dieses dr\u00f6hnende Schweigen zur Medien-Kunstform entwickelt. Dies muss endlich ein Ende haben<\/strong>.<\/p>\n","protected":false},"excerpt":{"rendered":"<p>Podcast Lanz\/Precht und die Zersetzung unserer \u00f6ffentlicher Institutionen. Im Podcast vom 6.3.26 bezeichnen Herr Precht &amp; Herr Lanz den Iran-Krieg als Ablenkungsman\u00f6ver. Amerika soll, so Precht, der eigenen Angaben nach nicht wirklich englisch spricht, also nie Originalquellen konsultiert, nur in &hellip; <a href=\"https:\/\/regulastaempfli.eu\/?p=11689\">Weiterlesen <span class=\"meta-nav\">&rarr;<\/span><\/a><\/p>\n","protected":false},"author":1,"featured_media":11690,"comment_status":"closed","ping_status":"closed","sticky":false,"template":"","format":"standard","meta":{"_s2mail":"","footnotes":""},"categories":[1],"tags":[8156,10437,10436],"class_list":["post-11689","post","type-post","status-publish","format-standard","has-post-thumbnail","hentry","category-allgemein","tag-digitalisierung-2","tag-podcast-vom-6-maerz-2026-wie-durch-schweigespirale-und-framing-in-oeffentlich-rechtlichen-institutionen-unsere-westlichen-demokratien-zersetzt-werden","tag-regula-staempfli-medienkritik-schlagende-zeilen-diesmal-markus-lanz-richard-david-precht"],"_links":{"self":[{"href":"https:\/\/regulastaempfli.eu\/index.php?rest_route=\/wp\/v2\/posts\/11689","targetHints":{"allow":["GET"]}}],"collection":[{"href":"https:\/\/regulastaempfli.eu\/index.php?rest_route=\/wp\/v2\/posts"}],"about":[{"href":"https:\/\/regulastaempfli.eu\/index.php?rest_route=\/wp\/v2\/types\/post"}],"author":[{"embeddable":true,"href":"https:\/\/regulastaempfli.eu\/index.php?rest_route=\/wp\/v2\/users\/1"}],"replies":[{"embeddable":true,"href":"https:\/\/regulastaempfli.eu\/index.php?rest_route=%2Fwp%2Fv2%2Fcomments&post=11689"}],"version-history":[{"count":2,"href":"https:\/\/regulastaempfli.eu\/index.php?rest_route=\/wp\/v2\/posts\/11689\/revisions"}],"predecessor-version":[{"id":11693,"href":"https:\/\/regulastaempfli.eu\/index.php?rest_route=\/wp\/v2\/posts\/11689\/revisions\/11693"}],"wp:featuredmedia":[{"embeddable":true,"href":"https:\/\/regulastaempfli.eu\/index.php?rest_route=\/wp\/v2\/media\/11690"}],"wp:attachment":[{"href":"https:\/\/regulastaempfli.eu\/index.php?rest_route=%2Fwp%2Fv2%2Fmedia&parent=11689"}],"wp:term":[{"taxonomy":"category","embeddable":true,"href":"https:\/\/regulastaempfli.eu\/index.php?rest_route=%2Fwp%2Fv2%2Fcategories&post=11689"},{"taxonomy":"post_tag","embeddable":true,"href":"https:\/\/regulastaempfli.eu\/index.php?rest_route=%2Fwp%2Fv2%2Ftags&post=11689"}],"curies":[{"name":"wp","href":"https:\/\/api.w.org\/{rel}","templated":true}]}}