{"id":11685,"date":"2026-03-11T17:42:41","date_gmt":"2026-03-11T15:42:41","guid":{"rendered":"https:\/\/regulastaempfli.eu\/?p=11685"},"modified":"2026-03-11T17:42:43","modified_gmt":"2026-03-11T15:42:43","slug":"regula-staempfli-im-gespraech-mit-jana-revedin-auf-artisapieceofcake-art-ein-podcast-ueber-das-neue-buch-von-prof-dr-jana-revedin-die-gaertnerin-von-venedig","status":"publish","type":"post","link":"https:\/\/regulastaempfli.eu\/?p=11685","title":{"rendered":"Regula St\u00e4mpfli im Gespr\u00e4ch mit Jana Revedin auf ARTISAPIECEOFCAKE.ART : Ein Podcast \u00fcber das neue Buch von Prof. Dr. Jana Revedin: &#8220;Die G\u00e4rtnerin von Venedig.&#8221;"},"content":{"rendered":"\n<p>Die Stadt als Gedicht \u2013 Jana Revedin und ihre \u201eG\u00e4rtnerin von Venedig.\u201c Ein wunderbares Gespr\u00e4ch mit Prof. Dr. Jana Revedin anl\u00e4sslich des neuen Buches Die \u201eG\u00e4rtnerin von Venedig. Es ist ein Buch \u00fcber Wurzeln, die Stadt als Gedicht, die Architektur von Literatur und R\u00e4ume f\u00fcr und von Frauen, jung und alt. Moderatorin: Regula St\u00e4mpfli.<\/p>\n\n\n\n<p>Auf artisapieceofcake.art auf Spotify, Apple Podcast und \u00fcberall wo Sie Podcasts h\u00f6ren<\/p>\n\n\n\n<figure class=\"wp-block-image size-large\"><a href=\"https:\/\/regulastaempfli.eu\/wp-content\/uploads\/2026\/03\/Bildschirmfoto-2026-03-11-um-16.37.25.png\"><img loading=\"lazy\" decoding=\"async\" width=\"1024\" height=\"825\" src=\"https:\/\/regulastaempfli.eu\/wp-content\/uploads\/2026\/03\/Bildschirmfoto-2026-03-11-um-16.37.25-1024x825.png\" alt=\"\" class=\"wp-image-11687\" srcset=\"https:\/\/regulastaempfli.eu\/wp-content\/uploads\/2026\/03\/Bildschirmfoto-2026-03-11-um-16.37.25-1024x825.png 1024w, https:\/\/regulastaempfli.eu\/wp-content\/uploads\/2026\/03\/Bildschirmfoto-2026-03-11-um-16.37.25-300x242.png 300w, https:\/\/regulastaempfli.eu\/wp-content\/uploads\/2026\/03\/Bildschirmfoto-2026-03-11-um-16.37.25-768x619.png 768w, https:\/\/regulastaempfli.eu\/wp-content\/uploads\/2026\/03\/Bildschirmfoto-2026-03-11-um-16.37.25-1536x1238.png 1536w, https:\/\/regulastaempfli.eu\/wp-content\/uploads\/2026\/03\/Bildschirmfoto-2026-03-11-um-16.37.25-372x300.png 372w, https:\/\/regulastaempfli.eu\/wp-content\/uploads\/2026\/03\/Bildschirmfoto-2026-03-11-um-16.37.25.png 1772w\" sizes=\"auto, (max-width: 1024px) 100vw, 1024px\" \/><\/a><\/figure>\n","protected":false},"excerpt":{"rendered":"<p>Die Stadt als Gedicht \u2013 Jana Revedin und ihre \u201eG\u00e4rtnerin von Venedig.\u201c Ein wunderbares Gespr\u00e4ch mit Prof. Dr. Jana Revedin anl\u00e4sslich des neuen Buches Die \u201eG\u00e4rtnerin von Venedig. Es ist ein Buch \u00fcber Wurzeln, die Stadt als Gedicht, die Architektur &hellip; <a href=\"https:\/\/regulastaempfli.eu\/?p=11685\">Weiterlesen <span class=\"meta-nav\">&rarr;<\/span><\/a><\/p>\n","protected":false},"author":1,"featured_media":11687,"comment_status":"closed","ping_status":"closed","sticky":false,"template":"","format":"standard","meta":{"_s2mail":"","footnotes":""},"categories":[7051,8794,6579,9805,5685,5684],"tags":[10435,10430,10431,8311,10433,10432,10434,10429,322,10426],"class_list":["post-11685","post","type-post","status-publish","format-standard","has-post-thumbnail","hentry","category-artisapieceofcake","category-demokratie","category-diepodcastin","category-hannaharendtlectures-by-lastaempfli","category-ad-personam","category-politik-philosophie-design-it","tag-designingpoliticsthepoliticsofdesign","tag-fraubauhaus","tag-janarevedin","tag-literaturblog-2","tag-roman","tag-venedig","tag-architektur","tag-jung-und-alt-moderatorin-regula-staempfli","tag-lastaempfli","tag-werbung-fuer-die-gaertnerin-von-venedig-von-jana-revedin-auf-art-is-a-piece-of-cake-podcast"],"_links":{"self":[{"href":"https:\/\/regulastaempfli.eu\/index.php?rest_route=\/wp\/v2\/posts\/11685","targetHints":{"allow":["GET"]}}],"collection":[{"href":"https:\/\/regulastaempfli.eu\/index.php?rest_route=\/wp\/v2\/posts"}],"about":[{"href":"https:\/\/regulastaempfli.eu\/index.php?rest_route=\/wp\/v2\/types\/post"}],"author":[{"embeddable":true,"href":"https:\/\/regulastaempfli.eu\/index.php?rest_route=\/wp\/v2\/users\/1"}],"replies":[{"embeddable":true,"href":"https:\/\/regulastaempfli.eu\/index.php?rest_route=%2Fwp%2Fv2%2Fcomments&post=11685"}],"version-history":[{"count":2,"href":"https:\/\/regulastaempfli.eu\/index.php?rest_route=\/wp\/v2\/posts\/11685\/revisions"}],"predecessor-version":[{"id":11688,"href":"https:\/\/regulastaempfli.eu\/index.php?rest_route=\/wp\/v2\/posts\/11685\/revisions\/11688"}],"wp:featuredmedia":[{"embeddable":true,"href":"https:\/\/regulastaempfli.eu\/index.php?rest_route=\/wp\/v2\/media\/11687"}],"wp:attachment":[{"href":"https:\/\/regulastaempfli.eu\/index.php?rest_route=%2Fwp%2Fv2%2Fmedia&parent=11685"}],"wp:term":[{"taxonomy":"category","embeddable":true,"href":"https:\/\/regulastaempfli.eu\/index.php?rest_route=%2Fwp%2Fv2%2Fcategories&post=11685"},{"taxonomy":"post_tag","embeddable":true,"href":"https:\/\/regulastaempfli.eu\/index.php?rest_route=%2Fwp%2Fv2%2Ftags&post=11685"}],"curies":[{"name":"wp","href":"https:\/\/api.w.org\/{rel}","templated":true}]}}