{"id":11679,"date":"2026-03-11T17:34:23","date_gmt":"2026-03-11T15:34:23","guid":{"rendered":"https:\/\/regulastaempfli.eu\/?p=11679"},"modified":"2026-03-11T17:34:26","modified_gmt":"2026-03-11T15:34:26","slug":"dr-regula-staempfli-am-berner-medientag-2026-referat-journalismus-oder-kontrollverlust-medien-im-zeitalter-von-codes-und-diskurs-referat-und-bilder","status":"publish","type":"post","link":"https:\/\/regulastaempfli.eu\/?p=11679","title":{"rendered":"Dr. Regula Staempfli am Berner Medientag 2026: Referat. &#8220;Journalismus oder Kontrollverlust. Medien im Zeitalter von Codes und Diskurs.&#8221; Referat und Bilder."},"content":{"rendered":"\n<p>Demokratie lebt nicht von abstrakten Werten, sondern von funktionierenden Qualit\u00e4tsjournalismus mit Kontrollfunktion gegen die M\u00e4chtigen. Journalismus ist kein moralisches Beiwerk der Politik, ist auch nicht zust\u00e4ndig f\u00fcr codierte Narrative oder &#8220;bessere&#8221; politische Positionen, sondern funktioniert nur als PERMANENTE ZUMUTUNG. Es geht um Recherche, Relevanz und Information, nicht um Framing, wie es von SRF permanent gemacht wird. Statt von Terroristen redet man von &#8220;Aktivisten&#8221; oder &#8220;Widerstand&#8221;; statt von Mord, Amok, Anschlag von &#8220;psychisch labilen T\u00e4tern&#8221; oder am liebsten gar: &#8220;Ursache unbekannt.&#8221; Es geht um Wirklichkeit und darum, dass die B\u00fcrgerinnen und B\u00fcrger sich informieren k\u00f6nnen um ihren Ort, ihre Verwurzelung, dort, wo sie in den Demokratien auch aktiv eingreifen k\u00f6nnen. Hier zum Referat, das mit einer lustigen \u00dcbung: Gugus &#8211; DADA, ein laStaempfli-Original begann. <a href=\"https:\/\/www.bernermedientag.ch\/wordpress\/wp-content\/uploads\/2026\/03\/REF-BMT26-Regula-Staemplfi.pdf\">https:\/\/www.bernermedientag.ch\/wordpress\/wp-content\/uploads\/2026\/03\/REF-BMT26-Regula-Staemplfi.pdf<\/a><\/p>\n\n\n\n<p><\/p>\n\n\n\n<figure class=\"wp-block-image size-large\"><a href=\"https:\/\/regulastaempfli.eu\/wp-content\/uploads\/2026\/03\/Bildschirmfoto-2026-03-11-um-15.49.07.png\"><img loading=\"lazy\" decoding=\"async\" width=\"1024\" height=\"851\" src=\"https:\/\/regulastaempfli.eu\/wp-content\/uploads\/2026\/03\/Bildschirmfoto-2026-03-11-um-15.49.07-1024x851.png\" alt=\"\" class=\"wp-image-11680\" srcset=\"https:\/\/regulastaempfli.eu\/wp-content\/uploads\/2026\/03\/Bildschirmfoto-2026-03-11-um-15.49.07-1024x851.png 1024w, https:\/\/regulastaempfli.eu\/wp-content\/uploads\/2026\/03\/Bildschirmfoto-2026-03-11-um-15.49.07-300x249.png 300w, https:\/\/regulastaempfli.eu\/wp-content\/uploads\/2026\/03\/Bildschirmfoto-2026-03-11-um-15.49.07-768x638.png 768w, https:\/\/regulastaempfli.eu\/wp-content\/uploads\/2026\/03\/Bildschirmfoto-2026-03-11-um-15.49.07-1536x1277.png 1536w, https:\/\/regulastaempfli.eu\/wp-content\/uploads\/2026\/03\/Bildschirmfoto-2026-03-11-um-15.49.07-361x300.png 361w, https:\/\/regulastaempfli.eu\/wp-content\/uploads\/2026\/03\/Bildschirmfoto-2026-03-11-um-15.49.07.png 1776w\" sizes=\"auto, (max-width: 1024px) 100vw, 1024px\" \/><\/a><\/figure>\n\n\n\n<figure class=\"wp-block-gallery has-nested-images columns-default is-cropped wp-block-gallery-1 is-layout-flex wp-block-gallery-is-layout-flex\">\n<figure class=\"wp-block-image size-large\"><a href=\"https:\/\/regulastaempfli.eu\/wp-content\/uploads\/2026\/03\/Bildschirmfoto-2026-03-11-um-15.50.31-1.png\"><img loading=\"lazy\" decoding=\"async\" width=\"1024\" height=\"665\" data-id=\"11674\" src=\"https:\/\/regulastaempfli.eu\/wp-content\/uploads\/2026\/03\/Bildschirmfoto-2026-03-11-um-15.50.31-1-1024x665.png\" alt=\"\" class=\"wp-image-11674\" srcset=\"https:\/\/regulastaempfli.eu\/wp-content\/uploads\/2026\/03\/Bildschirmfoto-2026-03-11-um-15.50.31-1-1024x665.png 1024w, https:\/\/regulastaempfli.eu\/wp-content\/uploads\/2026\/03\/Bildschirmfoto-2026-03-11-um-15.50.31-1-300x195.png 300w, https:\/\/regulastaempfli.eu\/wp-content\/uploads\/2026\/03\/Bildschirmfoto-2026-03-11-um-15.50.31-1-768x499.png 768w, https:\/\/regulastaempfli.eu\/wp-content\/uploads\/2026\/03\/Bildschirmfoto-2026-03-11-um-15.50.31-1-1536x997.png 1536w, https:\/\/regulastaempfli.eu\/wp-content\/uploads\/2026\/03\/Bildschirmfoto-2026-03-11-um-15.50.31-1-2048x1329.png 2048w, https:\/\/regulastaempfli.eu\/wp-content\/uploads\/2026\/03\/Bildschirmfoto-2026-03-11-um-15.50.31-1-462x300.png 462w\" sizes=\"auto, (max-width: 1024px) 100vw, 1024px\" \/><\/a><\/figure>\n\n\n\n<figure class=\"wp-block-image size-large\"><a href=\"https:\/\/regulastaempfli.eu\/wp-content\/uploads\/2026\/03\/Bildschirmfoto-2026-03-11-um-15.49.44.png\"><img loading=\"lazy\" decoding=\"async\" width=\"1024\" height=\"648\" data-id=\"11676\" src=\"https:\/\/regulastaempfli.eu\/wp-content\/uploads\/2026\/03\/Bildschirmfoto-2026-03-11-um-15.49.44-1024x648.png\" alt=\"\" class=\"wp-image-11676\" srcset=\"https:\/\/regulastaempfli.eu\/wp-content\/uploads\/2026\/03\/Bildschirmfoto-2026-03-11-um-15.49.44-1024x648.png 1024w, https:\/\/regulastaempfli.eu\/wp-content\/uploads\/2026\/03\/Bildschirmfoto-2026-03-11-um-15.49.44-300x190.png 300w, https:\/\/regulastaempfli.eu\/wp-content\/uploads\/2026\/03\/Bildschirmfoto-2026-03-11-um-15.49.44-768x486.png 768w, https:\/\/regulastaempfli.eu\/wp-content\/uploads\/2026\/03\/Bildschirmfoto-2026-03-11-um-15.49.44-1536x971.png 1536w, https:\/\/regulastaempfli.eu\/wp-content\/uploads\/2026\/03\/Bildschirmfoto-2026-03-11-um-15.49.44-2048x1295.png 2048w, https:\/\/regulastaempfli.eu\/wp-content\/uploads\/2026\/03\/Bildschirmfoto-2026-03-11-um-15.49.44-474x300.png 474w\" sizes=\"auto, (max-width: 1024px) 100vw, 1024px\" \/><\/a><\/figure>\n\n\n\n<figure class=\"wp-block-image size-large\"><a href=\"https:\/\/regulastaempfli.eu\/wp-content\/uploads\/2026\/03\/Bildschirmfoto-2026-03-11-um-15.50.13.png\"><img loading=\"lazy\" decoding=\"async\" width=\"1024\" height=\"623\" data-id=\"11675\" src=\"https:\/\/regulastaempfli.eu\/wp-content\/uploads\/2026\/03\/Bildschirmfoto-2026-03-11-um-15.50.13-1024x623.png\" alt=\"\" class=\"wp-image-11675\" srcset=\"https:\/\/regulastaempfli.eu\/wp-content\/uploads\/2026\/03\/Bildschirmfoto-2026-03-11-um-15.50.13-1024x623.png 1024w, https:\/\/regulastaempfli.eu\/wp-content\/uploads\/2026\/03\/Bildschirmfoto-2026-03-11-um-15.50.13-300x183.png 300w, https:\/\/regulastaempfli.eu\/wp-content\/uploads\/2026\/03\/Bildschirmfoto-2026-03-11-um-15.50.13-768x467.png 768w, https:\/\/regulastaempfli.eu\/wp-content\/uploads\/2026\/03\/Bildschirmfoto-2026-03-11-um-15.50.13-1536x935.png 1536w, https:\/\/regulastaempfli.eu\/wp-content\/uploads\/2026\/03\/Bildschirmfoto-2026-03-11-um-15.50.13-493x300.png 493w, https:\/\/regulastaempfli.eu\/wp-content\/uploads\/2026\/03\/Bildschirmfoto-2026-03-11-um-15.50.13.png 1840w\" sizes=\"auto, (max-width: 1024px) 100vw, 1024px\" \/><\/a><\/figure>\n\n\n\n<figure class=\"wp-block-image size-large\"><a href=\"https:\/\/regulastaempfli.eu\/wp-content\/uploads\/2026\/03\/berner-medientage-foto-scaled.jpg\"><img loading=\"lazy\" decoding=\"async\" width=\"1024\" height=\"576\" data-id=\"11677\" src=\"https:\/\/regulastaempfli.eu\/wp-content\/uploads\/2026\/03\/berner-medientage-foto-1024x576.jpg\" alt=\"Berner Medientage 2026. Fotos von Lukas Vogelsang und Markus D\u00fctschler. \" class=\"wp-image-11677\" srcset=\"https:\/\/regulastaempfli.eu\/wp-content\/uploads\/2026\/03\/berner-medientage-foto-1024x576.jpg 1024w, https:\/\/regulastaempfli.eu\/wp-content\/uploads\/2026\/03\/berner-medientage-foto-300x169.jpg 300w, https:\/\/regulastaempfli.eu\/wp-content\/uploads\/2026\/03\/berner-medientage-foto-768x432.jpg 768w, https:\/\/regulastaempfli.eu\/wp-content\/uploads\/2026\/03\/berner-medientage-foto-1536x864.jpg 1536w, https:\/\/regulastaempfli.eu\/wp-content\/uploads\/2026\/03\/berner-medientage-foto-2048x1152.jpg 2048w, https:\/\/regulastaempfli.eu\/wp-content\/uploads\/2026\/03\/berner-medientage-foto-500x281.jpg 500w\" sizes=\"auto, (max-width: 1024px) 100vw, 1024px\" \/><\/a><figcaption class=\"wp-element-caption\">Berner Medientage 2026. Fotos von Lukas Vogelsang und Markus D\u00fctschler.<\/figcaption><\/figure>\n<\/figure>\n","protected":false},"excerpt":{"rendered":"<p>Demokratie lebt nicht von abstrakten Werten, sondern von funktionierenden Qualit\u00e4tsjournalismus mit Kontrollfunktion gegen die M\u00e4chtigen. Journalismus ist kein moralisches Beiwerk der Politik, ist auch nicht zust\u00e4ndig f\u00fcr codierte Narrative oder &#8220;bessere&#8221; politische Positionen, sondern funktioniert nur als PERMANENTE ZUMUTUNG. Es &hellip; <a href=\"https:\/\/regulastaempfli.eu\/?p=11679\">Weiterlesen <span class=\"meta-nav\">&rarr;<\/span><\/a><\/p>\n","protected":false},"author":1,"featured_media":11676,"comment_status":"closed","ping_status":"closed","sticky":false,"template":"","format":"standard","meta":{"_s2mail":"","footnotes":""},"categories":[7051,8794,6579,9805,5685,8273,8274,8691,8706,8692,8580,5683,5682,9421,5684,7369,10156],"tags":[10423,10420,10424,10422,10419,2922,7655,3392],"class_list":["post-11679","post","type-post","status-publish","format-standard","has-post-thumbnail","hentry","category-artisapieceofcake","category-demokratie","category-diepodcastin","category-hannaharendtlectures-by-lastaempfli","category-ad-personam","category-basler-zeitung","category-blick-am-abend","category-chatgpt","category-hannaharendtlectures-lastaempfli","category-hsg-universitaet-st-gallen","category-ki-ai","category-kolumnen","category-literaturblog","category-nobelpreis","category-politik-philosophie-design-it","category-ta-swiss-future-podcast","category-ted-tedx","tag-epstein","tag-islamofaschismus","tag-lokaljournalismus","tag-qualitaetsjournalismus","tag-dr-regula-staempfli-am-berner-medientag-2026-referat-journalismus-oder-kontrollverlust-medien-im-zeitalter-von-codes-und-diskurs-referat-und-bilder-diskurs-framing-terrorismus","tag-information","tag-weltverlust","tag-wirklichkeit"],"_links":{"self":[{"href":"https:\/\/regulastaempfli.eu\/index.php?rest_route=\/wp\/v2\/posts\/11679","targetHints":{"allow":["GET"]}}],"collection":[{"href":"https:\/\/regulastaempfli.eu\/index.php?rest_route=\/wp\/v2\/posts"}],"about":[{"href":"https:\/\/regulastaempfli.eu\/index.php?rest_route=\/wp\/v2\/types\/post"}],"author":[{"embeddable":true,"href":"https:\/\/regulastaempfli.eu\/index.php?rest_route=\/wp\/v2\/users\/1"}],"replies":[{"embeddable":true,"href":"https:\/\/regulastaempfli.eu\/index.php?rest_route=%2Fwp%2Fv2%2Fcomments&post=11679"}],"version-history":[{"count":4,"href":"https:\/\/regulastaempfli.eu\/index.php?rest_route=\/wp\/v2\/posts\/11679\/revisions"}],"predecessor-version":[{"id":11684,"href":"https:\/\/regulastaempfli.eu\/index.php?rest_route=\/wp\/v2\/posts\/11679\/revisions\/11684"}],"wp:featuredmedia":[{"embeddable":true,"href":"https:\/\/regulastaempfli.eu\/index.php?rest_route=\/wp\/v2\/media\/11676"}],"wp:attachment":[{"href":"https:\/\/regulastaempfli.eu\/index.php?rest_route=%2Fwp%2Fv2%2Fmedia&parent=11679"}],"wp:term":[{"taxonomy":"category","embeddable":true,"href":"https:\/\/regulastaempfli.eu\/index.php?rest_route=%2Fwp%2Fv2%2Fcategories&post=11679"},{"taxonomy":"post_tag","embeddable":true,"href":"https:\/\/regulastaempfli.eu\/index.php?rest_route=%2Fwp%2Fv2%2Ftags&post=11679"}],"curies":[{"name":"wp","href":"https:\/\/api.w.org\/{rel}","templated":true}]}}