{"id":11668,"date":"2026-03-08T14:33:59","date_gmt":"2026-03-08T12:33:59","guid":{"rendered":"https:\/\/regulastaempfli.eu\/?p=11668"},"modified":"2026-04-21T12:55:11","modified_gmt":"2026-04-21T10:55:11","slug":"zeitenwende-das-jahr-2026-in-codes-und-wirklichkeit-am-beispiel-von-iran-essay-im-ensuite-magazin-fuer-kunst-und-kultur-februar-2026","status":"publish","type":"post","link":"https:\/\/regulastaempfli.eu\/?p=11668","title":{"rendered":"Zeitenwende: Das Jahr 2026 in Codes und Wirklichkeit am Beispiel von Iran. Essay im ENSUITE, MAGAZIN F\u00dcR KUNST UND KULTUR, FEBRUAR 2026. Regula Staempfli avant la lettre: Den Krieg im Iran im Januar 2026 als notwendig vorhergesagt."},"content":{"rendered":"\n<figure class=\"wp-block-image size-large\"><a href=\"https:\/\/regulastaempfli.eu\/wp-content\/uploads\/2026\/03\/IMG_1494.jpeg\"><img loading=\"lazy\" decoding=\"async\" width=\"1024\" height=\"768\" src=\"https:\/\/regulastaempfli.eu\/wp-content\/uploads\/2026\/03\/IMG_1494-1024x768.jpeg\" alt=\"Regula Staempfli Essay im Ensuite: Codierter Islamismus im Iran. \" class=\"wp-image-11659\" srcset=\"https:\/\/regulastaempfli.eu\/wp-content\/uploads\/2026\/03\/IMG_1494-1024x768.jpeg 1024w, https:\/\/regulastaempfli.eu\/wp-content\/uploads\/2026\/03\/IMG_1494-300x225.jpeg 300w, https:\/\/regulastaempfli.eu\/wp-content\/uploads\/2026\/03\/IMG_1494-768x576.jpeg 768w, https:\/\/regulastaempfli.eu\/wp-content\/uploads\/2026\/03\/IMG_1494-1536x1152.jpeg 1536w, https:\/\/regulastaempfli.eu\/wp-content\/uploads\/2026\/03\/IMG_1494-400x300.jpeg 400w, https:\/\/regulastaempfli.eu\/wp-content\/uploads\/2026\/03\/IMG_1494.jpeg 2016w\" sizes=\"auto, (max-width: 1024px) 100vw, 1024px\" \/><\/a><figcaption class=\"wp-element-caption\">Regula Staempfli Essay im Ensuite: Codierter Islamismus im Iran. siehe PDF <a href=\"https:\/\/regulastaempfli.eu\/wp-content\/uploads\/2026\/04\/Iran-und-Codes-von-Regula-STaempfli-Januar-2026.pdf\">https:\/\/regulastaempfli.eu\/wp-content\/uploads\/2026\/04\/Iran-und-Codes-von-Regula-STaempfli-Januar-2026.pdf<\/a><\/figcaption><\/figure>\n\n\n\n<p>Die Politphilosophin, langj\u00e4hrige Leiterin der Ausbildung f\u00fcr Journalistinnen und Journalisten in Politik und Auslandjournalismus, beschreibt, wie es zum Aufstieg von Khamenei in der islamischen Republik Iran kam und wie der Iran sich in ein totalit\u00e4res theokratisches System mit systematischen Frauenhass entwickelt hat und wie die Linken im 21. Jahrhundert (und auch schon vorher), die Schreckensherrschaft der Mullahs aus revolution\u00e4ren und postkolonialen Gr\u00fcnden legitimieren. Dies geht soweit, dass die sog. progressive Linke im Januar 2026 nach jahrelangem &#8220;Genozid&#8221;-Geschwafel und den L\u00fcgen dar\u00fcber, zum Massenmord der Mullahs an der iranischen Bev\u00f6lkerung kein Wort sagte. Regula St\u00e4mpfli wird, sobald der Artikel im PDF vorhanden ist, den Essay aufschalten &#8211; ansonsten verweist sie auf den Kioskverkauf von Ensuite oder auf Museeumscaf\u00e9s, da liegt Ensuite meistens gratis offen. <strong>&#8220;Seit Hannah Arendt wissen wir viel \u00fcber totalit\u00e4re Systeme. Die gr\u00f6sste Gefahr f\u00fcr die Fragilit\u00e4t der Menschen ist dabei nicht nur die Gewalt, auch nicht das st\u00e4ndige L\u00fcgen, sondern das organisierte Sprechen. Totalitarismus ist n\u00e4mlich eine Technik, die durch Erz\u00e4hlung, Fiktion, Wortwahl, Leerstellen, Menschen zur Verhandlungsmasse einer Ideologie erkl\u00e4rt. Und zwar so, dass nicht mehr zwischen Wahr- und Wahrl\u00fcgen unterschieden werden kann.&#8221;<\/strong> Zitat, copyright von PD Dr. Regula Staempfli. <\/p>\n","protected":false},"excerpt":{"rendered":"<p>Die Politphilosophin, langj\u00e4hrige Leiterin der Ausbildung f\u00fcr Journalistinnen und Journalisten in Politik und Auslandjournalismus, beschreibt, wie es zum Aufstieg von Khamenei in der islamischen Republik Iran kam und wie der Iran sich in ein totalit\u00e4res theokratisches System mit systematischen Frauenhass &hellip; <a href=\"https:\/\/regulastaempfli.eu\/?p=11668\">Weiterlesen <span class=\"meta-nav\">&rarr;<\/span><\/a><\/p>\n","protected":false},"author":1,"featured_media":11659,"comment_status":"closed","ping_status":"closed","sticky":false,"template":"","format":"standard","meta":{"_s2mail":"","footnotes":""},"categories":[8794,6579,5682,9421,5684],"tags":[10413,8156,10415,10414,2176,10418,10416,10412,10417],"class_list":["post-11668","post","type-post","status-publish","format-standard","has-post-thumbnail","hentry","category-demokratie","category-diepodcastin","category-literaturblog","category-nobelpreis","category-politik-philosophie-design-it","tag-codes-digitalerevolution","tag-digitalisierung-2","tag-islamismus-islamofaschismus","tag-ki-iran","tag-vermessenleaks","tag-februar-2026","tag-magazin-fuer-kunst-und-kultur-2","tag-regula-staempfli-essay-im-ensuite-codierter-islamismus-im-iran","tag-zeitenwende-das-jahr-2026-in-codes-und-wirklichkeit-am-beispiel-von-iran-essay-im-ensuite"],"_links":{"self":[{"href":"https:\/\/regulastaempfli.eu\/index.php?rest_route=\/wp\/v2\/posts\/11668","targetHints":{"allow":["GET"]}}],"collection":[{"href":"https:\/\/regulastaempfli.eu\/index.php?rest_route=\/wp\/v2\/posts"}],"about":[{"href":"https:\/\/regulastaempfli.eu\/index.php?rest_route=\/wp\/v2\/types\/post"}],"author":[{"embeddable":true,"href":"https:\/\/regulastaempfli.eu\/index.php?rest_route=\/wp\/v2\/users\/1"}],"replies":[{"embeddable":true,"href":"https:\/\/regulastaempfli.eu\/index.php?rest_route=%2Fwp%2Fv2%2Fcomments&post=11668"}],"version-history":[{"count":4,"href":"https:\/\/regulastaempfli.eu\/index.php?rest_route=\/wp\/v2\/posts\/11668\/revisions"}],"predecessor-version":[{"id":11766,"href":"https:\/\/regulastaempfli.eu\/index.php?rest_route=\/wp\/v2\/posts\/11668\/revisions\/11766"}],"wp:featuredmedia":[{"embeddable":true,"href":"https:\/\/regulastaempfli.eu\/index.php?rest_route=\/wp\/v2\/media\/11659"}],"wp:attachment":[{"href":"https:\/\/regulastaempfli.eu\/index.php?rest_route=%2Fwp%2Fv2%2Fmedia&parent=11668"}],"wp:term":[{"taxonomy":"category","embeddable":true,"href":"https:\/\/regulastaempfli.eu\/index.php?rest_route=%2Fwp%2Fv2%2Fcategories&post=11668"},{"taxonomy":"post_tag","embeddable":true,"href":"https:\/\/regulastaempfli.eu\/index.php?rest_route=%2Fwp%2Fv2%2Ftags&post=11668"}],"curies":[{"name":"wp","href":"https:\/\/api.w.org\/{rel}","templated":true}]}}