{"id":11664,"date":"2026-03-08T14:18:08","date_gmt":"2026-03-08T12:18:08","guid":{"rendered":"https:\/\/regulastaempfli.eu\/?p=11664"},"modified":"2026-03-08T14:18:10","modified_gmt":"2026-03-08T12:18:10","slug":"regula-staempfli-ueber-framing-beim-oerr-die-hamaskuschler-und-mullah-versteher-beim-srf","status":"publish","type":"post","link":"https:\/\/regulastaempfli.eu\/?p=11664","title":{"rendered":"Regula St\u00e4mpfli \u00fcber Framing beim #\u00d6RR: Die Hamaskuschler und Mullah-Versteher beim SRF."},"content":{"rendered":"\n<p>Wer seine Informationen \u00fcber den Nahen Osten und neu den Iran-Krieg kriegt, bei der S\u00fcddeutschen Zeitung, dem Der Spiegel oder leider auch der F.A.Z., bei ORF, SRF, ARD und ZDF, bringt in Diskussionen \u00fcber die Region und den Krieg folgende Thesen: Der US-Pr\u00e4sident Trump sei ein &#8220;Faschist&#8221;, besetze die Welt wegen dem \u00d6l und sei in den Krieg gegen den Iran ausschliesslich wegen Israel eingetreten. Diese Thesen, von linksextrem und rechtsextrem (Candice Owens, Tucker Carlson und Megyn Kelly vertreten diesen Schrott ebenso &#8211; ausser dass sie &#8220;Faschist&#8221; mit &#8220;Kriegstreiber&#8221; verschleiern) sind FAKTENFREI und entsprechen dem, was Regula St\u00e4mpfli als &#8220;codierte Narrative&#8221; bezeichnet. Fakt ist: Donald Trump ist mit einer grossen Mehrheit vom amerikanischen Volk in einem demokratischen Wahlverfahren zum Pr\u00e4sidenten der USA gew\u00e4hlt worden und entgegen den Medienberichten kein &#8220;Faschist&#8221;, sondern ein geopolitischer Stratege mit dem Anspruch &#8220;Make America Great Again.&#8221; 2. \u00d6L ist tats\u00e4chlich ein wichtiger Rohstoff, spielt indessen bei den US-Interventionen Venezuela und Iran eine zweitrangige Rolle: Ziel von Pr\u00e4sident Trump ist es, die geopolitische Situation wieder zur St\u00e4rke der USA zu definieren und nicht wie von seinen Vorg\u00e4ngern, das Terrain Russland und der VR China oder auch Indien zu \u00fcberlassen. 3. Die USA sind in den Krieg gegen den Iran getreten, weil die islamische Republik Iran seit \u00fcber 47 Jahren der Todfeind der USA ist, Tausende von us-amerikanischen B\u00fcrgern hingerichtet und die Welt mit Terror \u00fcbers\u00e4t hat. Iran ist der engste Verb\u00fcndete der VR China und die islamische Republik auszuschalten, w\u00fcrde die Welt, die westliche Sicherheitslage und die Hegemonie der Islamofaschisten im politischen Islam auschalten. Dies und viel mehr w\u00e4ren eigentlich die Informationspflichten der \u00f6ffentlich-rechtlichen Sender, die sie indessen aus ideologischen Gr\u00fcnden nicht bringen. laStaempfli ist seit dem 7. Oktober 2023 entsetzt \u00fcber die krass ideologisch ausgerichtete Berichterstattung der SRG allgemein, die vielen antisemitischen Skandale h\u00e4ufen sich im Wochentakt siehe dazu auch den Bericht: <a href=\"https:\/\/www.audiatur-online.ch\/2026\/03\/03\/die-srg-und-israel-zwangsgebuehren-fuer-hetze\/\">https:\/\/www.audiatur-online.ch\/2026\/03\/03\/die-srg-und-israel-zwangsgebuehren-fuer-hetze\/<\/a><\/p>\n\n\n\n<figure class=\"wp-block-image size-large\"><a href=\"https:\/\/regulastaempfli.eu\/wp-content\/uploads\/2026\/03\/Bildschirmfoto-2026-03-08-um-13.13.38.png\"><img loading=\"lazy\" decoding=\"async\" width=\"1024\" height=\"648\" src=\"https:\/\/regulastaempfli.eu\/wp-content\/uploads\/2026\/03\/Bildschirmfoto-2026-03-08-um-13.13.38-1024x648.png\" alt=\"\" class=\"wp-image-11665\" srcset=\"https:\/\/regulastaempfli.eu\/wp-content\/uploads\/2026\/03\/Bildschirmfoto-2026-03-08-um-13.13.38-1024x648.png 1024w, https:\/\/regulastaempfli.eu\/wp-content\/uploads\/2026\/03\/Bildschirmfoto-2026-03-08-um-13.13.38-300x190.png 300w, https:\/\/regulastaempfli.eu\/wp-content\/uploads\/2026\/03\/Bildschirmfoto-2026-03-08-um-13.13.38-768x486.png 768w, https:\/\/regulastaempfli.eu\/wp-content\/uploads\/2026\/03\/Bildschirmfoto-2026-03-08-um-13.13.38-1536x972.png 1536w, https:\/\/regulastaempfli.eu\/wp-content\/uploads\/2026\/03\/Bildschirmfoto-2026-03-08-um-13.13.38-2048x1296.png 2048w, https:\/\/regulastaempfli.eu\/wp-content\/uploads\/2026\/03\/Bildschirmfoto-2026-03-08-um-13.13.38-474x300.png 474w\" sizes=\"auto, (max-width: 1024px) 100vw, 1024px\" \/><\/a><\/figure>\n\n\n\n<p>F\u00fcr &#8220;Die Weltwoche&#8221; hat laStaempfli nur einen kurzen Beitrag zu SRF verfassen k\u00f6nnen, hier vor allem auf die Korrespondentinnen von ARD und SRF verwiesen: &#8220;Mullah-Versteher auf SRF: Wie der Sender \u00fcber den Iran-Krieg berichtet \u2013 und was er verschweigt.&#8221; <a href=\"https:\/\/weltwoche.ch\/daily\/mullah-versteher-auf-srf-wie-der-sender-ueber-den-iran-krieg-berichtet-und-was-er-verschweigt\/\">https:\/\/weltwoche.ch\/daily\/mullah-versteher-auf-srf-wie-der-sender-ueber-den-iran-krieg-berichtet-und-was-er-verschweigt\/<\/a><\/p>\n\n\n\n<p>&#8220;Ein bemerkenswerter Doppelakt 2024: Die SRF-Nahostkorrespondentin Susanne Brunner wird \u00abJournalistin des Jahres\u00bb \u2013 nachdem die Ombudsstelle sie im selben Jahr mehrmals r\u00fcgen musste. Die SRG ist voller Judenhasser, die neudeutsch \u00abIsrael-Kritiker\u00bb heissen. Terroristen wie Sinwar oder Nasrallah wurden von SRF gew\u00fcrdigt wie Nobelpreistr\u00e4ger: \u00abHassan Nasrallah: Sein Leben, sein Wirken und sein Verm\u00e4chtnis.\u00bb Hamas- und Hisbollah-Kuschler sind im Leutschenbach nicht nur zahlreich \u2013 sie lassen es das ganze Haus wissen, dass sie zu den Guten geh\u00f6ren. Stefan Renna von RTS beschimpfte live das israelische Bobfahrerteam antisemitisch. RTS nahm ihn in Schutz. Die internationale Presse \u00fcberschlug sich \u2013 SRF wollte dar\u00fcber nicht einmal berichten. Wetten, dass Stefan Renna, \u00e4hnlich wie Brunner, Ende 2026 ausgezeichnet wird? Zu diesen Hamas-Kuschlern stellen sich neu die Mullah-Versteher beim Service public. Am 28. Februar 2026 titelt SRF: \u00abUSA greifen Iran an.\u00bb Klingt doch neutral, oder? Ha: Das Framing ist dann super. \u00abSchweiz und Norwegen pochen auf Einhaltung des V\u00f6lkerrechts.\u00bb Volker T\u00fcrk, sonst stumm wie ein Fisch, wenn es ums Massenmorden des Regimes an der eigenen Zivilbev\u00f6lkerung geht, sorgt sich um die Zivilisten. Kein Wort \u00fcber Hunderttausende Iraner auf der Strasse. Kein Wort \u00fcber Frauen, die f\u00fcr Freiheit sterben. Kein Wort \u00fcber Massenhinrichtungen, Zwangsverschleierung, organisierte Massenvergewaltigungen. Streng \u00abkonservativ\u00bb sei beispielsweise Ali Chamenei gewesen. Streng konservativ? Klingt nach missratenem CSU-Politiker, sicher nicht nach dem islamofaschistischen Massenm\u00f6rder, der Chamenei war. Und die Opfer des islamischen Terrors? Bei SRF eine Fussnote.<\/p>\n\n\n\n<p>Hamas-Kuscheln war gestern.<\/p>\n\n\n\n<p>Mullahs verstehen ist heute.<\/p>\n\n\n\n<p>Und morgen? Ein SRG-Spendenaufruf f\u00fcr die Ajatollahs?&#8221; <\/p>\n","protected":false},"excerpt":{"rendered":"<p>Wer seine Informationen \u00fcber den Nahen Osten und neu den Iran-Krieg kriegt, bei der S\u00fcddeutschen Zeitung, dem Der Spiegel oder leider auch der F.A.Z., bei ORF, SRF, ARD und ZDF, bringt in Diskussionen \u00fcber die Region und den Krieg folgende &hellip; <a href=\"https:\/\/regulastaempfli.eu\/?p=11664\">Weiterlesen <span class=\"meta-nav\">&rarr;<\/span><\/a><\/p>\n","protected":false},"author":1,"featured_media":11665,"comment_status":"closed","ping_status":"closed","sticky":false,"template":"","format":"standard","meta":{"_s2mail":"","footnotes":""},"categories":[8794,9805,5685,8275,5684],"tags":[10405,10060,10404,10408,10410,10406,10407,10305,10409,10411,10403],"class_list":["post-11664","post","type-post","status-publish","format-standard","has-post-thumbnail","hentry","category-demokratie","category-hannaharendtlectures-by-lastaempfli","category-ad-personam","category-nzz","category-politik-philosophie-design-it","tag-chamenei","tag-digitalerevolution","tag-framing","tag-hisbollah-2","tag-ideologie-oerr-oerr-oeffentlich-rechtlicher-rundfunk","tag-khamenei","tag-linke-hamas","tag-mullahs","tag-susannebrunner-sophievondertann","tag-medienkritik-4","tag-regula-staempfli-ueber-framing-beim-oerr-die-hamaskuschler-und-mullah-versteher-beim-srf"],"_links":{"self":[{"href":"https:\/\/regulastaempfli.eu\/index.php?rest_route=\/wp\/v2\/posts\/11664","targetHints":{"allow":["GET"]}}],"collection":[{"href":"https:\/\/regulastaempfli.eu\/index.php?rest_route=\/wp\/v2\/posts"}],"about":[{"href":"https:\/\/regulastaempfli.eu\/index.php?rest_route=\/wp\/v2\/types\/post"}],"author":[{"embeddable":true,"href":"https:\/\/regulastaempfli.eu\/index.php?rest_route=\/wp\/v2\/users\/1"}],"replies":[{"embeddable":true,"href":"https:\/\/regulastaempfli.eu\/index.php?rest_route=%2Fwp%2Fv2%2Fcomments&post=11664"}],"version-history":[{"count":2,"href":"https:\/\/regulastaempfli.eu\/index.php?rest_route=\/wp\/v2\/posts\/11664\/revisions"}],"predecessor-version":[{"id":11667,"href":"https:\/\/regulastaempfli.eu\/index.php?rest_route=\/wp\/v2\/posts\/11664\/revisions\/11667"}],"wp:featuredmedia":[{"embeddable":true,"href":"https:\/\/regulastaempfli.eu\/index.php?rest_route=\/wp\/v2\/media\/11665"}],"wp:attachment":[{"href":"https:\/\/regulastaempfli.eu\/index.php?rest_route=%2Fwp%2Fv2%2Fmedia&parent=11664"}],"wp:term":[{"taxonomy":"category","embeddable":true,"href":"https:\/\/regulastaempfli.eu\/index.php?rest_route=%2Fwp%2Fv2%2Fcategories&post=11664"},{"taxonomy":"post_tag","embeddable":true,"href":"https:\/\/regulastaempfli.eu\/index.php?rest_route=%2Fwp%2Fv2%2Ftags&post=11664"}],"curies":[{"name":"wp","href":"https:\/\/api.w.org\/{rel}","templated":true}]}}