{"id":11175,"date":"2025-05-27T14:12:31","date_gmt":"2025-05-27T12:12:31","guid":{"rendered":"https:\/\/regulastaempfli.eu\/?p=11175"},"modified":"2025-05-27T14:12:33","modified_gmt":"2025-05-27T12:12:33","slug":"meinung-lastaempfli-eine-klage-gegen-die-n-y-times-meine-ki-hat-anstelle-der-chefredakteurin-redigiert-27-5-2025-marubo-gegen-mainstream-ein-brasilianischer-stamm-verklagt-die-new-york","status":"publish","type":"post","link":"https:\/\/regulastaempfli.eu\/?p=11175","title":{"rendered":"Meinung laStaempfli: Eine Klage gegen die N.Y. Times (meine KI hat anstelle der Chefredakteurin redigiert): 27.5.2025. Marubo gegen Mainstream \u2013 Ein brasilianischer Stamm verklagt die New York Times wegen Pornosucht-Vorwurf."},"content":{"rendered":"\n<figure class=\"wp-block-image size-large\"><a href=\"https:\/\/regulastaempfli.eu\/wp-content\/uploads\/2025\/01\/Cafe-mit-Bild.png\"><img loading=\"lazy\" decoding=\"async\" width=\"1024\" height=\"576\" src=\"https:\/\/regulastaempfli.eu\/wp-content\/uploads\/2025\/01\/Cafe-mit-Bild-1024x576.png\" alt=\"Schlagende Zeilen von Regula St\u00e4mpfli. \" class=\"wp-image-10970\" srcset=\"https:\/\/regulastaempfli.eu\/wp-content\/uploads\/2025\/01\/Cafe-mit-Bild-1024x576.png 1024w, https:\/\/regulastaempfli.eu\/wp-content\/uploads\/2025\/01\/Cafe-mit-Bild-300x169.png 300w, https:\/\/regulastaempfli.eu\/wp-content\/uploads\/2025\/01\/Cafe-mit-Bild-768x432.png 768w, https:\/\/regulastaempfli.eu\/wp-content\/uploads\/2025\/01\/Cafe-mit-Bild-1536x864.png 1536w, https:\/\/regulastaempfli.eu\/wp-content\/uploads\/2025\/01\/Cafe-mit-Bild-500x281.png 500w, https:\/\/regulastaempfli.eu\/wp-content\/uploads\/2025\/01\/Cafe-mit-Bild.png 1920w\" sizes=\"auto, (max-width: 1024px) 100vw, 1024px\" \/><\/a><figcaption>Schlagende Zeilen von Regula St\u00e4mpfli. Diesmal \u00fcber eine Klage gegen die N.Y. Times laut <a rel=\"noreferrer noopener\" target=\"_blank\" href=\"https:\/\/www.bbc.com\/news\/articles\/cx2ekvnrkpno\"><br>https:\/\/www.bbc.com\/news\/articles\/cx2ekvnrkpno<\/a> &amp; <a rel=\"noreferrer noopener\" target=\"_blank\" href=\"https:\/\/www.theguardian.com\/world\/2025\/may\/23\/brazil-tribe-new-york-times-pornography-lawsuit\">https:\/\/www.theguardian.com\/world\/2025\/may\/23\/brazil-tribe-new-york-times-pornography-lawsuit<\/a><\/figcaption><\/figure>\n\n\n\n<h3 class=\"wp-block-heading\" id=\"block-229e09b4-07e3-4a76-bc0e-85867901e62f\">W\u00e4re der 1. April, man h\u00e4tte die Geschichte wohl als schlechten Scherz abgetan. Doch sie ist echt. Die britischen Leitmedien <strong>BBC<\/strong> und <strong>Guardian<\/strong> berichten \u00fcbereinstimmend:<br>Der bislang au\u00dferhalb Brasiliens kaum bekannte <strong>Stamm der Marubo<\/strong> hat in den USA eine <strong>Verleumdungsklage (Defamation Suit)<\/strong> gegen die <strong>New York Times<\/strong> eingereicht \u2013 mit einer Schadensforderung von <strong>\u00fcber 180 Millionen US-Dollar<\/strong>.Der Vorwurf: Die <strong>New York Times<\/strong> habe den indigenen Stamm in einem Artikel als \u201etechnikverr\u00fcckt und pornos\u00fcchtig\u201c dargestellt, nachdem der Ort via <strong>Elon Musks Starlink-System<\/strong> ans Internet angeschlossen wurde. Auch das US-Klatschportal <strong>TMZ<\/strong> griff die Geschichte auf \u2013 mit der \u00dcberschrift: <em>\u201eElon Musks Starlink-Anschluss macht einen abgelegenen Stamm pornos\u00fcchtig.\u201c<\/em>Die Klage wiegt schwer. Denn ausgerechnet jenes Weltblatt, das im globalen Norden gerne als Goldstandard f\u00fcr differenzierten Journalismus gilt \u2013 gefeiert von <strong>SRF, ARD, ZDF, ORF<\/strong> und <strong>BBC<\/strong> als progressiv, weltoffen, sensibel \u2013 soll hier ganze Kulturen auf rassistische Klischees reduziert haben.Die <strong>New York Times<\/strong> verteidigt sich mit Verweis auf journalistische Standards und eine \u201enuanced exploration\u201c, also differenzierte Darstellung. Doch der Imageschaden ist da. Die Sammelklage \u2013 unterst\u00fctzt von brasilianischen Anw\u00e4lten \u2013 k\u00f6nnte zum Pr\u00e4zedenzfall werden: <strong>Ein indigenes Volk gegen den globalen Mediengiganten.<\/strong>Der Fall zeigt, wie fragil die mediale Selbstgewissheit auch der gr\u00f6\u00dften Redaktionen geworden ist. Zwischen kultureller Sensibilit\u00e4t, digitaler Kolonialisierung und Clickbait ist der Weg zur Verleumdung mitunter k\u00fcrzer als gedacht.<\/h3>\n","protected":false},"excerpt":{"rendered":"<p>Meinung laStaempfli: Eine Klage gegen die N.Y. Times (meine KI hat anstelle der Chefredakteurin redigiert): 27.5.2025. Marubo gegen Mainstream \u2013 Ein brasilianischer Stamm verklagt die New York Times wegen Pornosucht-Vorwurf. <a href=\"https:\/\/regulastaempfli.eu\/?p=11175\">Weiterlesen <span class=\"meta-nav\">&rarr;<\/span><\/a><\/p>\n","protected":false},"author":1,"featured_media":10970,"comment_status":"closed","ping_status":"closed","sticky":false,"template":"","format":"standard","meta":{"_s2mail":"","footnotes":""},"categories":[8794,6579,9805,8224,8706,8692,8581,5686,5682,5684,7369],"tags":[9267,5134],"class_list":["post-11175","post","type-post","status-publish","format-standard","has-post-thumbnail","hentry","category-demokratie","category-diepodcastin","category-hannaharendtlectures-by-lastaempfli","category-codes","category-hannaharendtlectures-lastaempfli","category-hsg-universitaet-st-gallen","category-kuenstliche-intelligenz-artificial-intelligence-ki-ai","category-lehre-vortraege","category-literaturblog","category-politik-philosophie-design-it","category-ta-swiss-future-podcast","tag-medienwandel-2","tag-digitalisierung"],"_links":{"self":[{"href":"https:\/\/regulastaempfli.eu\/index.php?rest_route=\/wp\/v2\/posts\/11175","targetHints":{"allow":["GET"]}}],"collection":[{"href":"https:\/\/regulastaempfli.eu\/index.php?rest_route=\/wp\/v2\/posts"}],"about":[{"href":"https:\/\/regulastaempfli.eu\/index.php?rest_route=\/wp\/v2\/types\/post"}],"author":[{"embeddable":true,"href":"https:\/\/regulastaempfli.eu\/index.php?rest_route=\/wp\/v2\/users\/1"}],"replies":[{"embeddable":true,"href":"https:\/\/regulastaempfli.eu\/index.php?rest_route=%2Fwp%2Fv2%2Fcomments&post=11175"}],"version-history":[{"count":2,"href":"https:\/\/regulastaempfli.eu\/index.php?rest_route=\/wp\/v2\/posts\/11175\/revisions"}],"predecessor-version":[{"id":11177,"href":"https:\/\/regulastaempfli.eu\/index.php?rest_route=\/wp\/v2\/posts\/11175\/revisions\/11177"}],"wp:featuredmedia":[{"embeddable":true,"href":"https:\/\/regulastaempfli.eu\/index.php?rest_route=\/wp\/v2\/media\/10970"}],"wp:attachment":[{"href":"https:\/\/regulastaempfli.eu\/index.php?rest_route=%2Fwp%2Fv2%2Fmedia&parent=11175"}],"wp:term":[{"taxonomy":"category","embeddable":true,"href":"https:\/\/regulastaempfli.eu\/index.php?rest_route=%2Fwp%2Fv2%2Fcategories&post=11175"},{"taxonomy":"post_tag","embeddable":true,"href":"https:\/\/regulastaempfli.eu\/index.php?rest_route=%2Fwp%2Fv2%2Ftags&post=11175"}],"curies":[{"name":"wp","href":"https:\/\/api.w.org\/{rel}","templated":true}]}}