{"id":11145,"date":"2025-05-22T13:09:58","date_gmt":"2025-05-22T11:09:58","guid":{"rendered":"https:\/\/regulastaempfli.eu\/?p=11145"},"modified":"2025-05-24T09:40:30","modified_gmt":"2025-05-24T07:40:30","slug":"regula-staempfli-historikerin-politologin-zum-nahost-konflikt-als-gast-im-talk-im-hangar-von-servus-tv-vom-22-5-2025","status":"publish","type":"post","link":"https:\/\/regulastaempfli.eu\/?p=11145","title":{"rendered":"Regula Staempfli, Historikerin &#038; Politologin zum Nahost-Konflikt als Gast im Talk im Hangar 7 von Servus-TV vom 22.5.2025."},"content":{"rendered":"\n<p>Seit 2005 &#8211; damals in einer Expertise der EU-Position gegen\u00fcber Israel, publiziert laStaempfli zu Propaganda. Digitalisierung und Geopolitik und was dies f\u00fcr die REALPOLITIK bedeutet. Im Bestseller Austria: &#8220;Trumpism. Ein Ph\u00e4nomen ver\u00e4ndert die Welt&#8221; stellte sie  2018 fest, dass die digitale Revolution nach grossen Emanzipationsbewegungen sich algorithmisch als frauenfeindliche und antisemitische Propagandamaschine entpuppt hat. <\/p>\n\n\n\n<p><strong>Die Maschine der digitalen Aufmerksamkeits\u00f6konomie ersetzt Wirklichkeit durch Simulation, Debatte durch Emotion, Urteilskraft durch Instant-Reaktion.<\/strong> Die weltweit erfolgreiche Hamas-Propaganda ist auch das Resultat einer milliardenfach verbreiteten Code-Antisemitismusmaschine. <\/p>\n\n\n\n<p>Die gr\u00f6\u00dfte Gefahr: Diese Dynamik wird nicht von Diktatoren aufgezwungen, sondern freiwillig geteilt, gelikt, gef\u00fchlt. Das Totalit\u00e4re ist heute popul\u00e4r.<strong>\u201eWir f\u00fchren keine Nahostdebatte mehr, sondern ein Horror-Reality TV, das entlang der digitalen Aufmerksamkeits\u00f6konomie l\u00e4uft. <\/strong>Die Medien funktionieren l\u00e4ngst wie in <em>Trumpism<\/em> beschrieben: personalisiert, polarisiert, emotionalisiert \u2013 programmiert auf Freund-Feind. Das Ergebnis? Kein Diskurs, sondern Emp\u00f6rungsschleifen, islamistische Revolutionspropaganda, autokratische Repr\u00e4sentationen. Siehe dazu auch den Artikel &#8220;Tr\u00e4umen Algorithmen von Demokratie?&#8221; siehe <a href=\"https:\/\/regulastaempfli.eu\/wp-content\/uploads\/2018\/11\/tra%CC%88umen-KI-von-demokratie.pdf\" target=\"_blank\" rel=\"noreferrer noopener\">https:\/\/regulastaempfli.eu\/wp-content\/uploads\/2018\/11\/tra%CC%88umen-KI-von-demokratie.pdf<\/a><\/p>\n\n\n\n<p>Permanente Revolutionspropaganda der Kulturschaffenden und Universit\u00e4ten zersetzt Aufkl\u00e4rung und liberale Demokratien zus\u00e4tzlich: Siehe dazu auch <a href=\"https:\/\/www.e-periodica.ch\/cntmng?pid=vsh-002%3A2017%3A43%3A%3A239\" target=\"_blank\" rel=\"noreferrer noopener\">https:\/\/www.e-periodica.ch\/cntmng?pid=vsh-002%3A2017%3A43%3A%3A239<\/a><\/p>\n\n\n\n<p><strong>Der moralische Kompass ist algorithmisch gest\u00f6rt<\/strong><\/p>\n\n\n\n<p>Hannah Arendt warnte vor Weltverlust durch Systemlogik. So mutiert bspw.l die milliardenfach codierte proislamistische Propaganda zur regelrechten Kriegsinformationsmaschine, die vor allem auch von den \u00d6RR bedient wird. Siehe dazu die laufenden Klagen bspw. gegen SRF: <a rel=\"noreferrer noopener\" href=\"https:\/\/www.nzz.ch\/schweiz\/zu-woke-zu-antiisraelisch-zu-einseitig-emrah-erken-blamiert-das-schweizer-fernsehen-ld.1862202\" target=\"_blank\">https:\/\/www.nzz.ch\/schweiz\/zu-woke-zu-antiisraelisch-zu-einseitig-emrah-erken-blamiert-das-schweizer-fernsehen-ld.1862202<\/a>.<\/p>\n\n\n\n<p><strong>Wahrheit wird zur Ware, Solidarit\u00e4t zur Simulation, Empathie zur Waffe: All dies verteilen Kultur, Wissenschaft und \u00d6RR gegen Israel milliardenfach zugunsten einer &#8220;Poesie der Terroismusverherrlichung.&#8221;<\/strong> laStaempfli in der Die Podcastin &#8211; in einer der vielen Folgen zur Situation im Nahen Osten mit dem Hinweis, dass die \u00d6RR nicht mehr nach Relevanz (wenn schon Kinder gefoltert werden, dann bitte jeden Tag Berichte \u00fcber die M\u00e4dchen in Afghanistan), sondern nach MODE UND PEERGROUP, die extrem antisemitisch aufgestellt sind, raportieren. Siehe auch <a href=\"https:\/\/www.zeit.de\/lebensart\/mode\/2011-03\/dior-galliano-kuendigung\">https:\/\/www.zeit.de\/lebensart\/mode\/2011-03\/dior-galliano-kuendigung<\/a><\/p>\n\n\n\n<p><a href=\"https:\/\/x.com\/talkimhangar7\/status\/1925485747919892839\">https:\/\/x.com\/talkimhangar7\/status\/1925485747919892839<\/a><\/p>\n\n\n\n<p>Nachtrag, 23.5.2025 zur Sendung: Talk im Hangar 7 apropos UNO Int. V\u00f6lkerrecht. Das Mehrheitsverh\u00e4ltnis der internationalen Organisationen hat sich gegen den WESTEN, DESSEN KAPITALISMUS &amp; LIBERALE DEMOKRATIE GEWENDET, OHNE DASS DAR\u00dcBER BERICHTET WURDE. HIER EIN PAAR GEDANKEN: <\/p>\n\n\n\n<p><strong>\u201eDas internationale V\u00f6lkerrecht \u2013 und seine perverse Umkehr\u201c<\/strong><br><em>von Regula St\u00e4mpfli<\/em><\/p>\n\n\n\n<p>Das V\u00f6lkerrecht wurde erfunden, um nach dem Zweiten Weltkrieg zu sagen: Nie wieder.<br>Nie wieder Krieg. Nie wieder V\u00f6lkermord. Nie wieder Staaten, die im Namen der Macht alles d\u00fcrfen \u2013 und Menschen, die im Namen des Rechts nichts mehr wert sind.<\/p>\n\n\n\n<p>Doch was ist daraus geworden?<\/p>\n\n\n\n<p>Heute erleben wir eine zynische Umkehr:<br>Nicht mehr der Aggressor steht am Pranger \u2013 sondern der Verteidiger.<br>Nicht mehr die Diktatur wird ge\u00e4chtet \u2013 sondern die Demokratie, die sich sch\u00fctzt.<\/p>\n\n\n\n<p>Das V\u00f6lkerrecht ist zur B\u00fchne f\u00fcr Autokraten geworden.<br>Zur Sprache der T\u00e4ter im Gewand der Opfer.<br>Zur Chiffre der moralischen Anklage gegen all jene, die sich noch an Recht, Wahrheit und Zivilisation klammern.<\/p>\n\n\n\n<p>In der UNO-Generalversammlung herrscht keine Gerechtigkeit \u2013 dort herrscht Mehrheit.<br>Und diese Mehrheit ist autorit\u00e4r, frauenverachtend, antisemitisch.<br>Sie singt das Lied der \u201eGeknechteten\u201c, w\u00e4hrend sie die eigenen Dissidenten einkerkert.<\/p>\n\n\n\n<p>Und was tut der Westen?<br>Er stimmt mit.<br>Weil das Wort \u201eBesatzung\u201c einfacher ist als das Wort \u201eSelbstverteidigung\u201c.<br>Weil \u201ePal\u00e4stina\u201c romantischer klingt als \u201eSicherheitslage\u201c.<br>Weil \u201eV\u00f6lkermord\u201c inzwischen eine Schlagzeile ist \u2013 keine Anklage mehr.<\/p>\n\n\n\n<p>Die gr\u00f6sste Gefahr ist nicht die Gewalt Einzelner, sondern das internationale System, das Urteilskraft, demokratische Partizipation, Gleichstellung, Emanzipation, Freiheit banalisiert, dekonstruiert &amp; zugunsten der Geschichtsschreibung f\u00fcr Diktatoren &amp; Islamofaschismus pervetiert &#8211; siehe einen den Kontrahenten in der Sendung im Talk. <\/p>\n\n\n\n<p>Hier der Link zur Sendung siehe <a href=\"https:\/\/www.servustv.com\/aktuelles\/v\/aavqf9vdz9stkvw8hzie\/\" target=\"_blank\" rel=\"noreferrer noopener\">https:\/\/www.servustv.com\/aktuelles\/v\/aavqf9vdz9stkvw8hzie\/<\/a><\/p>\n\n\n\n<p>&#8220;<strong>Wir leben heute in einem globalisierten Rechtssystem, in dem Diktatoren Moral spielen \u2013 und Demokratien schweigen. Das ist keine Ordnung der internationalen Gerechtigkeit. Das ist die Simulation von Recht in einer Welt, die sich l\u00e4ngst f\u00fcr die Realit\u00e4t nicht mehr interessiert<\/strong>.&#8221; laStaempfli<\/p>\n","protected":false},"excerpt":{"rendered":"<p>Seit 2005 &#8211; damals in einer Expertise der EU-Position gegen\u00fcber Israel, publiziert laStaempfli zu Propaganda. Digitalisierung und Geopolitik und was dies f\u00fcr die REALPOLITIK bedeutet. Im Bestseller Austria: &#8220;Trumpism. Ein Ph\u00e4nomen ver\u00e4ndert die Welt&#8221; stellte sie 2018 fest, dass die &hellip; <a href=\"https:\/\/regulastaempfli.eu\/?p=11145\">Weiterlesen <span class=\"meta-nav\">&rarr;<\/span><\/a><\/p>\n","protected":false},"author":1,"featured_media":11154,"comment_status":"closed","ping_status":"closed","sticky":false,"template":"","format":"standard","meta":{"_s2mail":"","footnotes":""},"categories":[8794,9805,5685,8580,5684],"tags":[9905,9904,9909,2991,162,9908,9906,9907],"class_list":["post-11145","post","type-post","status-publish","format-standard","has-post-thumbnail","hentry","category-demokratie","category-hannaharendtlectures-by-lastaempfli","category-ad-personam","category-ki-ai","category-politik-philosophie-design-it","tag-hamas-terror-deathcults-lastaempfli-ueber-die-nahostfrage","tag-historikerin-politologin-zum-nahost-konflikt-als-gast-im-talk-im-hangar-von-servus-tv-vom-22-5-2025","tag-lastaempfli-staatsrecht","tag-meinungsbildung","tag-regula-staempfli","tag-terroristenrecht-internationales-recht-aufgrund-der-mehrheitsverhaeltnisse","tag-uno-zerfall","tag-voelkerbund"],"_links":{"self":[{"href":"https:\/\/regulastaempfli.eu\/index.php?rest_route=\/wp\/v2\/posts\/11145","targetHints":{"allow":["GET"]}}],"collection":[{"href":"https:\/\/regulastaempfli.eu\/index.php?rest_route=\/wp\/v2\/posts"}],"about":[{"href":"https:\/\/regulastaempfli.eu\/index.php?rest_route=\/wp\/v2\/types\/post"}],"author":[{"embeddable":true,"href":"https:\/\/regulastaempfli.eu\/index.php?rest_route=\/wp\/v2\/users\/1"}],"replies":[{"embeddable":true,"href":"https:\/\/regulastaempfli.eu\/index.php?rest_route=%2Fwp%2Fv2%2Fcomments&post=11145"}],"version-history":[{"count":5,"href":"https:\/\/regulastaempfli.eu\/index.php?rest_route=\/wp\/v2\/posts\/11145\/revisions"}],"predecessor-version":[{"id":11152,"href":"https:\/\/regulastaempfli.eu\/index.php?rest_route=\/wp\/v2\/posts\/11145\/revisions\/11152"}],"wp:featuredmedia":[{"embeddable":true,"href":"https:\/\/regulastaempfli.eu\/index.php?rest_route=\/wp\/v2\/media\/11154"}],"wp:attachment":[{"href":"https:\/\/regulastaempfli.eu\/index.php?rest_route=%2Fwp%2Fv2%2Fmedia&parent=11145"}],"wp:term":[{"taxonomy":"category","embeddable":true,"href":"https:\/\/regulastaempfli.eu\/index.php?rest_route=%2Fwp%2Fv2%2Fcategories&post=11145"},{"taxonomy":"post_tag","embeddable":true,"href":"https:\/\/regulastaempfli.eu\/index.php?rest_route=%2Fwp%2Fv2%2Ftags&post=11145"}],"curies":[{"name":"wp","href":"https:\/\/api.w.org\/{rel}","templated":true}]}}