{"id":11113,"date":"2025-04-24T15:43:30","date_gmt":"2025-04-24T13:43:30","guid":{"rendered":"https:\/\/regulastaempfli.eu\/?p=11113"},"modified":"2025-04-24T15:43:32","modified_gmt":"2025-04-24T13:43:32","slug":"mit-hannah-arendt-durch-den-alltag-vortrag-vom-28-maerz-2025-von-regula-staempfli-in-muenchen-fuer-den-verein-frau-kunst-politik","status":"publish","type":"post","link":"https:\/\/regulastaempfli.eu\/?p=11113","title":{"rendered":"&#8220;Mit Hannah Arendt durch den Alltag.&#8221; Vortrag vom 28. M\u00e4rz 2025 von Regula St\u00e4mpfli in M\u00fcnchen f\u00fcr den Verein &#8220;Frau &#8211; Kunst &#8211; Politik.&#8221;"},"content":{"rendered":"\n<figure class=\"wp-block-gallery columns-3 is-cropped wp-block-gallery-1 is-layout-flex wp-block-gallery-is-layout-flex\"><ul class=\"blocks-gallery-grid\"><li class=\"blocks-gallery-item\"><figure><a href=\"https:\/\/regulastaempfli.eu\/wp-content\/uploads\/2025\/04\/f5c61913-cd95-43f0-9db2-141658364766-819x1024.jpg\"><img loading=\"lazy\" decoding=\"async\" width=\"819\" height=\"1024\" src=\"https:\/\/regulastaempfli.eu\/wp-content\/uploads\/2025\/04\/f5c61913-cd95-43f0-9db2-141658364766-819x1024.jpg\" alt=\"\" data-id=\"11114\" data-link=\"https:\/\/regulastaempfli.eu\/?attachment_id=11114\" class=\"wp-image-11114\" srcset=\"https:\/\/regulastaempfli.eu\/wp-content\/uploads\/2025\/04\/f5c61913-cd95-43f0-9db2-141658364766-819x1024.jpg 819w, https:\/\/regulastaempfli.eu\/wp-content\/uploads\/2025\/04\/f5c61913-cd95-43f0-9db2-141658364766-240x300.jpg 240w, https:\/\/regulastaempfli.eu\/wp-content\/uploads\/2025\/04\/f5c61913-cd95-43f0-9db2-141658364766-768x960.jpg 768w, https:\/\/regulastaempfli.eu\/wp-content\/uploads\/2025\/04\/f5c61913-cd95-43f0-9db2-141658364766-1229x1536.jpg 1229w, https:\/\/regulastaempfli.eu\/wp-content\/uploads\/2025\/04\/f5c61913-cd95-43f0-9db2-141658364766.jpg 1280w\" sizes=\"auto, (max-width: 819px) 100vw, 819px\" \/><\/a><\/figure><\/li><li class=\"blocks-gallery-item\"><figure><a href=\"https:\/\/regulastaempfli.eu\/wp-content\/uploads\/2025\/04\/791ae647-d785-49fb-8ea4-9f6d33b83b84-819x1024.jpg\"><img loading=\"lazy\" decoding=\"async\" width=\"819\" height=\"1024\" src=\"https:\/\/regulastaempfli.eu\/wp-content\/uploads\/2025\/04\/791ae647-d785-49fb-8ea4-9f6d33b83b84-819x1024.jpg\" alt=\"\" data-id=\"11115\" data-link=\"https:\/\/regulastaempfli.eu\/?attachment_id=11115\" class=\"wp-image-11115\" srcset=\"https:\/\/regulastaempfli.eu\/wp-content\/uploads\/2025\/04\/791ae647-d785-49fb-8ea4-9f6d33b83b84-819x1024.jpg 819w, https:\/\/regulastaempfli.eu\/wp-content\/uploads\/2025\/04\/791ae647-d785-49fb-8ea4-9f6d33b83b84-240x300.jpg 240w, https:\/\/regulastaempfli.eu\/wp-content\/uploads\/2025\/04\/791ae647-d785-49fb-8ea4-9f6d33b83b84-768x960.jpg 768w, https:\/\/regulastaempfli.eu\/wp-content\/uploads\/2025\/04\/791ae647-d785-49fb-8ea4-9f6d33b83b84-1229x1536.jpg 1229w, https:\/\/regulastaempfli.eu\/wp-content\/uploads\/2025\/04\/791ae647-d785-49fb-8ea4-9f6d33b83b84.jpg 1280w\" sizes=\"auto, (max-width: 819px) 100vw, 819px\" \/><\/a><\/figure><\/li><li class=\"blocks-gallery-item\"><figure><a href=\"https:\/\/regulastaempfli.eu\/wp-content\/uploads\/2025\/04\/75538490-d071-4b17-9008-e650450e9eb7-768x1024.jpg\"><img loading=\"lazy\" decoding=\"async\" width=\"768\" height=\"1024\" src=\"https:\/\/regulastaempfli.eu\/wp-content\/uploads\/2025\/04\/75538490-d071-4b17-9008-e650450e9eb7-768x1024.jpg\" alt=\"\" data-id=\"11116\" data-link=\"https:\/\/regulastaempfli.eu\/?attachment_id=11116\" class=\"wp-image-11116\" srcset=\"https:\/\/regulastaempfli.eu\/wp-content\/uploads\/2025\/04\/75538490-d071-4b17-9008-e650450e9eb7-768x1024.jpg 768w, https:\/\/regulastaempfli.eu\/wp-content\/uploads\/2025\/04\/75538490-d071-4b17-9008-e650450e9eb7-225x300.jpg 225w, https:\/\/regulastaempfli.eu\/wp-content\/uploads\/2025\/04\/75538490-d071-4b17-9008-e650450e9eb7-1152x1536.jpg 1152w, https:\/\/regulastaempfli.eu\/wp-content\/uploads\/2025\/04\/75538490-d071-4b17-9008-e650450e9eb7.jpg 1512w\" sizes=\"auto, (max-width: 768px) 100vw, 768px\" \/><\/a><\/figure><\/li><li class=\"blocks-gallery-item\"><figure><a href=\"https:\/\/regulastaempfli.eu\/wp-content\/uploads\/2025\/04\/5fe6abf6-84d8-4c85-a47a-5623ec1c0588-819x1024.jpg\"><img loading=\"lazy\" decoding=\"async\" width=\"819\" height=\"1024\" src=\"https:\/\/regulastaempfli.eu\/wp-content\/uploads\/2025\/04\/5fe6abf6-84d8-4c85-a47a-5623ec1c0588-819x1024.jpg\" alt=\"\" data-id=\"11117\" data-link=\"https:\/\/regulastaempfli.eu\/?attachment_id=11117\" class=\"wp-image-11117\" srcset=\"https:\/\/regulastaempfli.eu\/wp-content\/uploads\/2025\/04\/5fe6abf6-84d8-4c85-a47a-5623ec1c0588-819x1024.jpg 819w, https:\/\/regulastaempfli.eu\/wp-content\/uploads\/2025\/04\/5fe6abf6-84d8-4c85-a47a-5623ec1c0588-240x300.jpg 240w, https:\/\/regulastaempfli.eu\/wp-content\/uploads\/2025\/04\/5fe6abf6-84d8-4c85-a47a-5623ec1c0588-768x960.jpg 768w, https:\/\/regulastaempfli.eu\/wp-content\/uploads\/2025\/04\/5fe6abf6-84d8-4c85-a47a-5623ec1c0588-1229x1536.jpg 1229w, https:\/\/regulastaempfli.eu\/wp-content\/uploads\/2025\/04\/5fe6abf6-84d8-4c85-a47a-5623ec1c0588.jpg 1280w\" sizes=\"auto, (max-width: 819px) 100vw, 819px\" \/><\/a><\/figure><\/li><li class=\"blocks-gallery-item\"><figure><a href=\"https:\/\/regulastaempfli.eu\/wp-content\/uploads\/2025\/04\/66bac916-0271-4bcb-8c1f-ac76d619c570-1024x819.jpg\"><img loading=\"lazy\" decoding=\"async\" width=\"1024\" height=\"819\" src=\"https:\/\/regulastaempfli.eu\/wp-content\/uploads\/2025\/04\/66bac916-0271-4bcb-8c1f-ac76d619c570-1024x819.jpg\" alt=\"\" data-id=\"11118\" data-link=\"https:\/\/regulastaempfli.eu\/?attachment_id=11118\" class=\"wp-image-11118\" srcset=\"https:\/\/regulastaempfli.eu\/wp-content\/uploads\/2025\/04\/66bac916-0271-4bcb-8c1f-ac76d619c570-1024x819.jpg 1024w, https:\/\/regulastaempfli.eu\/wp-content\/uploads\/2025\/04\/66bac916-0271-4bcb-8c1f-ac76d619c570-300x240.jpg 300w, https:\/\/regulastaempfli.eu\/wp-content\/uploads\/2025\/04\/66bac916-0271-4bcb-8c1f-ac76d619c570-768x614.jpg 768w, https:\/\/regulastaempfli.eu\/wp-content\/uploads\/2025\/04\/66bac916-0271-4bcb-8c1f-ac76d619c570-1536x1229.jpg 1536w, https:\/\/regulastaempfli.eu\/wp-content\/uploads\/2025\/04\/66bac916-0271-4bcb-8c1f-ac76d619c570-375x300.jpg 375w, https:\/\/regulastaempfli.eu\/wp-content\/uploads\/2025\/04\/66bac916-0271-4bcb-8c1f-ac76d619c570.jpg 1875w\" sizes=\"auto, (max-width: 1024px) 100vw, 1024px\" \/><\/a><\/figure><\/li><li class=\"blocks-gallery-item\"><figure><a href=\"https:\/\/regulastaempfli.eu\/wp-content\/uploads\/2025\/04\/0a51353b-fe21-4349-8df1-ca3519c981d9.jpg\"><img loading=\"lazy\" decoding=\"async\" width=\"1024\" height=\"768\" src=\"https:\/\/regulastaempfli.eu\/wp-content\/uploads\/2025\/04\/0a51353b-fe21-4349-8df1-ca3519c981d9-1024x768.jpg\" alt=\"\" data-id=\"11119\" data-full-url=\"https:\/\/regulastaempfli.eu\/wp-content\/uploads\/2025\/04\/0a51353b-fe21-4349-8df1-ca3519c981d9.jpg\" data-link=\"https:\/\/regulastaempfli.eu\/?attachment_id=11119\" class=\"wp-image-11119\" srcset=\"https:\/\/regulastaempfli.eu\/wp-content\/uploads\/2025\/04\/0a51353b-fe21-4349-8df1-ca3519c981d9-1024x768.jpg 1024w, https:\/\/regulastaempfli.eu\/wp-content\/uploads\/2025\/04\/0a51353b-fe21-4349-8df1-ca3519c981d9-300x225.jpg 300w, https:\/\/regulastaempfli.eu\/wp-content\/uploads\/2025\/04\/0a51353b-fe21-4349-8df1-ca3519c981d9-768x576.jpg 768w, https:\/\/regulastaempfli.eu\/wp-content\/uploads\/2025\/04\/0a51353b-fe21-4349-8df1-ca3519c981d9-1536x1152.jpg 1536w, https:\/\/regulastaempfli.eu\/wp-content\/uploads\/2025\/04\/0a51353b-fe21-4349-8df1-ca3519c981d9-400x300.jpg 400w, https:\/\/regulastaempfli.eu\/wp-content\/uploads\/2025\/04\/0a51353b-fe21-4349-8df1-ca3519c981d9.jpg 1600w\" sizes=\"auto, (max-width: 1024px) 100vw, 1024px\" \/><\/a><\/figure><\/li><\/ul><figcaption class=\"blocks-gallery-caption\">Vortrag von laStaempfli: Impressionen vom Abend zu &#8220;Mit Hannah Arendt durch den Alltag&#8221;, 28.M\u00e4rz 2025 in M\u00fcnchen, Mohr-Villa. <\/figcaption><\/figure>\n\n\n\n<figure class=\"wp-block-embed is-type-video is-provider-youtube wp-block-embed-youtube wp-embed-aspect-16-9 wp-has-aspect-ratio\"><div class=\"wp-block-embed__wrapper\">\n<iframe loading=\"lazy\" title=\"Regula St\u00e4mpfli: &quot;Mit Hannah Arendt durch den Alltag&quot;: Denken ohne Gel\u00e4nder aktuell. 28. M\u00e4rz 2025.\" width=\"584\" height=\"329\" src=\"https:\/\/www.youtube.com\/embed\/Z2-Uai5tolY?feature=oembed\" frameborder=\"0\" allow=\"accelerometer; autoplay; clipboard-write; encrypted-media; gyroscope; picture-in-picture; web-share\" referrerpolicy=\"strict-origin-when-cross-origin\" allowfullscreen><\/iframe>\n<\/div><figcaption>Bell Media: Mit Hannah Arendt durch den Alltag. Ein Vortragsabend mit Musik von Regula St\u00e4mpfli f\u00fcr den Verein Frau-Kunst-Politik. Hier die Pr\u00e4sidentin, Frau Dr. Corina Toledo, rechts die grossartige Moderatorin und Menschenrechtsaktivistin, Tr\u00e4gerin des Bundesverdienstkreuzes Inge Bell und links die Musikerin Radmila Besic. 28.3.2025. <\/figcaption><\/figure>\n\n\n\n<p>Vortrag in der Mohr-Villa Freimann am 28. M\u00e4rz 2025: Dr. Regula St\u00e4mpfli: \u201cMit Hannah Arendt durch den Alltag\u201d: Denken ohne Gel\u00e4nder aktuell. Dieses Jahr j\u00e4hrt sich der Todestag von Hannah Arendt zum 50. Mal. Anlass genug, der gro\u00dfen Denkerin Tribut zu leisten und ihr Werk in die Gegenwart zu \u00fcbersetzen. Die Veranstaltung ist eine Feminage an Hannah Arendt, deren zeitlose Gedanken zur Freiheit und Demokratie heute aktueller denn je sind, insbesondere im Bezug auf die Entwicklung der Frauenrechte! Leitung: Dr. Corina Toledo Moderatorin: Inge Bell Referentin: Dr. Regula St\u00e4mpfli Musik: Radmila Besic Kamera und Schnitt: Stefan Baumgarth Produziert von Bell Media, M\u00fcnchen Eine Veranstaltung von: frau-kunst-politik e.V. (c) M\u00fcnchen 2025 Im Rahmen des Jahresprogramms von frau-kunst-politik: \u201cDas Ende des Schweigens\u201d Vielfalt &#8211; Gleichstellung &#8211; Inklusion www.frau-kunst-politik.de <a href=\"https:\/\/www.youtube.com\/hashtag\/follow\">#follow<\/a> <a href=\"https:\/\/www.youtube.com\/hashtag\/feminism\">#feminism<\/a> <a href=\"https:\/\/www.youtube.com\/hashtag\/hannaharendt\">#hannaharendt<\/a> <a href=\"https:\/\/www.youtube.com\/hashtag\/philosophy\">#philosophy<\/a> <a href=\"https:\/\/www.youtube.com\/hashtag\/m%C3%BCnchen\">#m\u00fcnchen<\/a> <a href=\"https:\/\/www.youtube.com\/hashtag\/frauenrechte\">#frauenrechte<\/a> <a href=\"https:\/\/www.youtube.com\/hashtag\/frauenpower\">#frauenpower<\/a> <a href=\"https:\/\/www.youtube.com\/hashtag\/literature\">#literature<\/a><\/p>\n","protected":false},"excerpt":{"rendered":"<p>Bell Media: Mit Hannah Arendt durch den Alltag. Ein Vortragsabend mit Musik von Regula St\u00e4mpfli f\u00fcr den Verein Frau-Kunst-Politik. Hier die Pr\u00e4sidentin, Frau Dr. Corina Toledo, rechts die grossartige Moderatorin und Menschenrechtsaktivistin, Tr\u00e4gerin des Bundesverdienstkreuzes Inge Bell und links die Musikerin Radmila Besic. 28.3.202 <a href=\"https:\/\/regulastaempfli.eu\/?p=11113\">Weiterlesen <span class=\"meta-nav\">&rarr;<\/span><\/a><\/p>\n","protected":false},"author":1,"featured_media":11117,"comment_status":"closed","ping_status":"closed","sticky":false,"template":"","format":"standard","meta":{"_s2mail":"","footnotes":""},"categories":[8794,6579,9805,5685,9614,8706,8692,8580,5682,5684],"tags":[9867,9869,9870,9868,9871],"class_list":["post-11113","post","type-post","status-publish","format-standard","has-post-thumbnail","hentry","category-demokratie","category-diepodcastin","category-hannaharendtlectures-by-lastaempfli","category-ad-personam","category-ensuite","category-hannaharendtlectures-lastaempfli","category-hsg-universitaet-st-gallen","category-ki-ai","category-literaturblog","category-politik-philosophie-design-it","tag-mit-hannah-arendt-durch-den-alltag-vortrag-vom-28-maerz-2025-von-regula-staempfli-in-muenchen-fuer-den-verein-frau-kunst-politik","tag-bell-media-mit-hannah-arendt-durch-den-alltag-ein-vortragsabend-mit-musik-von-regula-staempfli-fuer-den-verein-frau-kunst-politik-hier-die-praesidentin","tag-frau-dr-corina-toledo","tag-rechts-die-grossartige-moderatorin-und-menschenrechtsaktivistin","tag-traegerin-des-bundesverdienstkreuzes-inge-bell-und-links-die-musikerin-radmila-besic-28-3-202"],"_links":{"self":[{"href":"https:\/\/regulastaempfli.eu\/index.php?rest_route=\/wp\/v2\/posts\/11113","targetHints":{"allow":["GET"]}}],"collection":[{"href":"https:\/\/regulastaempfli.eu\/index.php?rest_route=\/wp\/v2\/posts"}],"about":[{"href":"https:\/\/regulastaempfli.eu\/index.php?rest_route=\/wp\/v2\/types\/post"}],"author":[{"embeddable":true,"href":"https:\/\/regulastaempfli.eu\/index.php?rest_route=\/wp\/v2\/users\/1"}],"replies":[{"embeddable":true,"href":"https:\/\/regulastaempfli.eu\/index.php?rest_route=%2Fwp%2Fv2%2Fcomments&post=11113"}],"version-history":[{"count":4,"href":"https:\/\/regulastaempfli.eu\/index.php?rest_route=\/wp\/v2\/posts\/11113\/revisions"}],"predecessor-version":[{"id":11123,"href":"https:\/\/regulastaempfli.eu\/index.php?rest_route=\/wp\/v2\/posts\/11113\/revisions\/11123"}],"wp:featuredmedia":[{"embeddable":true,"href":"https:\/\/regulastaempfli.eu\/index.php?rest_route=\/wp\/v2\/media\/11117"}],"wp:attachment":[{"href":"https:\/\/regulastaempfli.eu\/index.php?rest_route=%2Fwp%2Fv2%2Fmedia&parent=11113"}],"wp:term":[{"taxonomy":"category","embeddable":true,"href":"https:\/\/regulastaempfli.eu\/index.php?rest_route=%2Fwp%2Fv2%2Fcategories&post=11113"},{"taxonomy":"post_tag","embeddable":true,"href":"https:\/\/regulastaempfli.eu\/index.php?rest_route=%2Fwp%2Fv2%2Ftags&post=11113"}],"curies":[{"name":"wp","href":"https:\/\/api.w.org\/{rel}","templated":true}]}}