{"id":11109,"date":"2025-04-24T09:56:47","date_gmt":"2025-04-24T07:56:47","guid":{"rendered":"https:\/\/regulastaempfli.eu\/?p=11109"},"modified":"2025-04-24T09:56:49","modified_gmt":"2025-04-24T07:56:49","slug":"apple-und-meta-von-der-eu-geringfuegig-gebuesst-unsere-medien-schreien-millionenstrafe-fuer-tech-konzerne-von-europa-ueber-die-diskrepanz-zwischen-was-ist-und-was-gesagt-wird-ein-kommentar-vo","status":"publish","type":"post","link":"https:\/\/regulastaempfli.eu\/?p=11109","title":{"rendered":"Apple und Meta von der EU geringf\u00fcgig geb\u00fcsst &#038; unsere Medien schreien: &#8220;Millionenstrafe f\u00fcr Tech-Konzerne von Europa.&#8221; \u00dcber die Diskrepanz zwischen was ist und was gesagt wird. Ein Kommentar von Regula St\u00e4mpfli."},"content":{"rendered":"\n<p>Mit einer Pressemitteilung informierte die EU-Kommission am 24. April 2025 \u00fcber die verh\u00e4ngten Bussen gegen Apple und Meta wegen Verletzung des europ\u00e4ischen Digitalrechts. <a rel=\"noreferrer noopener\" href=\"https:\/\/ec.europa.eu\/commission\/presscorner\/detail\/en\/ip_25_1085\" target=\"_blank\">https:\/\/ec.europa.eu\/commission\/presscorner\/detail\/en\/ip_25_1085<\/a> ZDF titelt: &#8220;<strong>Millionenstrafen gegen Apple und Meta<\/strong>, siehe  &#8220;<a rel=\"noreferrer noopener\" href=\"https:\/\/www.zdf.de\/nachrichten\/wirtschaft\/unternehmen\/apple-meta-eu-kommission-strafe-100.html\" target=\"_blank\">https:\/\/www.zdf.de\/nachrichten\/wirtschaft\/unternehmen\/apple-meta-eu-kommission-strafe-100.html<\/a> Aus Insiderkreisen weiss laStaempfli aus ihrer Zeit in Br\u00fcssel, dass die Strafen so gering sind, dass &#8220;Peanuts&#8221; &#8211; dieses Unwort mit vielen Nullen \u2013 wieder die Runde macht. Denn die geopolitische Sachlage ist klar: Trumps Drohung mit Z\u00f6llen und Wirtschaftskrieg hat die EU mit der Einhaltung des europ\u00e4ischen Digitalrechtes, das in Deutschland brutal gegen einzelne B\u00fcrger und B\u00fcrgerinnen eingesetzt wird, zum Teil mit hohen Bussen und sehr seltsamen Polizeieins\u00e4tzen, h\u00f6re dazu den Podcast bei Cicero: <a rel=\"noreferrer noopener\" href=\"https:\/\/www.cicero.de\/kultur\/-der-digital-services-act-im-licht-der-verfassung\" target=\"_blank\">https:\/\/www.cicero.de\/kultur\/-der-digital-services-act-im-licht-der-verfassung<\/a> Bei wirklich grossen Akteuren wie Apple und Meta gilt es, das europ\u00e4ische Digitalrecht offensichtlich nicht so radikal durchzusetzen, denn die EU-Kommission h\u00e4tte bis zu 10 Prozent des j\u00e4hrlichen Umsatzes von Apple und Meta einfordern k\u00f6nnen. Dies h\u00e4tte dem hochverschuldeten Europa die betr\u00e4chtlichen Summen von 35 Mrd. von Apple und 15 Mrd. von Meta einbringen k\u00f6nnen. <\/p>\n\n\n\n<p>Die EU-Kommission hat strategisch den aus meiner Sicht punkto Handelskrieg d\u00fcmmsten Entscheid gef\u00e4llt: Ursula von der Leyen wusste, dass Trump so oder so bei irgendwelchen Summen, selbst wenn es sich nur um 5 Euro gehandelt h\u00e4tte, getobt h\u00e4tte. Statt also die EU-Position als Verhandler mit Summen zu st\u00e4rken, die Apple und Meta WIRKLICH WEH TUN, gab man den beiden Tech-Firmen einen Klaps auf die Hand, wahrte gegen\u00fcber den europ\u00e4ischen B\u00fcrgern die Einhaltung des Digital Market Acts, aber meinte damit, niemandem wirklich weh zu tun. Dass dies eine v\u00f6llig falsche Einsch\u00e4tzung der EU war, zeigt, wie der US-Pr\u00e4sident reagiert: <\/p>\n\n\n\n<h1 class=\"wp-block-heading\">&#8220;Digital Markets Act: <\/h1>\n\n\n\n<h1 class=\"wp-block-heading\">Wei\u00dfes Haus wertet EU-Strafen gegen Apple und Meta als \u201ewirtschaftliche Erpressung und Bedrohung der freien Zivilgesellschaft\u201c&#8221;<\/h1>\n\n\n\n<p>So titelt der Deutschlandfunk, siehe <a rel=\"noreferrer noopener\" href=\"https:\/\/www.deutschlandfunk.de\/weisses-haus-wertet-eu-strafen-gegen-apple-und-meta-als-wirtschaftliche-erpressung-und-bedrohung-der-100.htm\" target=\"_blank\">https:\/\/www.deutschlandfunk.de\/weisses-haus-wertet-eu-strafen-gegen-apple-und-meta-als-wirtschaftliche-erpressung-und-bedrohung-der-100.htm<\/a>l und entfacht damit erst recht einen Handels-, Zoll- und Techfirmenkrieg. <\/p>\n\n\n\n<p>Fazit: Wenn Apple und Meta b\u00fcssen, dann h\u00e4tte die volle m\u00f6gliche Summe, n\u00e4mlich bis zu 10 Prozent des j\u00e4hrlichen Umsatzes der Tech-Firmen, die das europ\u00e4ische Digitalrecht verletzen, VOLL EINGESETZT WERDEN sollen. Dann w\u00e4re das Toben von Trump und die Berufung der Firmen (die Busse geht in die n\u00e4chste Instanz) eine gute Verhandlungsbasis unter Starken gewesen. Diesen Trumpf Europas hat sich die EU-Kommission aus der Hand gegeben. Was dem europ\u00e4ischen B\u00fcrger und der europ\u00e4ischen B\u00fcrgerin nicht zu deren Wohl gereicht&#8230;. <\/p>\n\n\n\n<p>Denn eines ist klar: Bei DSA (Digital Service Act) und DMA (Digital Market Act) gilt: <strong>Sacrilega minuta puniuntur, magna\u00a0<em>in triumphis feriunt<\/em>ur <\/strong>&#8211; Die grossen Verbrecher feiert man in Triumphz\u00fcgen, die Kleinen werden \u00e4usserst hart bestraft. <\/p>\n","protected":false},"excerpt":{"rendered":"<p>Apple und Meta von der EU geringf\u00fcgig geb\u00fcsst &#038; unsere Medien schreien: &#8220;Millionenstrafe f\u00fcr Tech-Konzerne von Europa.&#8221; \u00dcber die Diskrepanz zwischen was ist und was gesagt wird. Ein Kommentar von Regula St\u00e4mpfli. <a href=\"https:\/\/regulastaempfli.eu\/?p=11109\">Weiterlesen <span class=\"meta-nav\">&rarr;<\/span><\/a><\/p>\n","protected":false},"author":1,"featured_media":10287,"comment_status":"closed","ping_status":"closed","sticky":false,"template":"","format":"standard","meta":{"_s2mail":"","footnotes":""},"categories":[8794,9805,5685],"tags":[9861,1478,9860,9852,9855,9853,198,9862,9864,9863,9856,9859,9857,3745,7720,9854,9858],"class_list":["post-11109","post","type-post","status-publish","format-standard","has-post-thumbnail","hentry","category-demokratie","category-hannaharendtlectures-by-lastaempfli","category-ad-personam","tag-10-prozent-busse-jaehrlichen-umsatzes-von-techfirmen-bei-verletzung-des-dma","tag-apple","tag-busse","tag-commission-finds-apple-and-meta-in-breach-of-the-digital-markets-act","tag-digital-markets-act","tag-dsa","tag-eu","tag-eu-commission","tag-geopolitischer-handelskrieg","tag-lastaempfli-political-scientist","tag-meta-2","tag-steuergelder","tag-techkonzerne","tag-trump","tag-trumpism-2","tag-ursula-von-der-leyen","tag-verhandlungsstrategie"],"_links":{"self":[{"href":"https:\/\/regulastaempfli.eu\/index.php?rest_route=\/wp\/v2\/posts\/11109","targetHints":{"allow":["GET"]}}],"collection":[{"href":"https:\/\/regulastaempfli.eu\/index.php?rest_route=\/wp\/v2\/posts"}],"about":[{"href":"https:\/\/regulastaempfli.eu\/index.php?rest_route=\/wp\/v2\/types\/post"}],"author":[{"embeddable":true,"href":"https:\/\/regulastaempfli.eu\/index.php?rest_route=\/wp\/v2\/users\/1"}],"replies":[{"embeddable":true,"href":"https:\/\/regulastaempfli.eu\/index.php?rest_route=%2Fwp%2Fv2%2Fcomments&post=11109"}],"version-history":[{"count":3,"href":"https:\/\/regulastaempfli.eu\/index.php?rest_route=\/wp\/v2\/posts\/11109\/revisions"}],"predecessor-version":[{"id":11112,"href":"https:\/\/regulastaempfli.eu\/index.php?rest_route=\/wp\/v2\/posts\/11109\/revisions\/11112"}],"wp:featuredmedia":[{"embeddable":true,"href":"https:\/\/regulastaempfli.eu\/index.php?rest_route=\/wp\/v2\/media\/10287"}],"wp:attachment":[{"href":"https:\/\/regulastaempfli.eu\/index.php?rest_route=%2Fwp%2Fv2%2Fmedia&parent=11109"}],"wp:term":[{"taxonomy":"category","embeddable":true,"href":"https:\/\/regulastaempfli.eu\/index.php?rest_route=%2Fwp%2Fv2%2Fcategories&post=11109"},{"taxonomy":"post_tag","embeddable":true,"href":"https:\/\/regulastaempfli.eu\/index.php?rest_route=%2Fwp%2Fv2%2Ftags&post=11109"}],"curies":[{"name":"wp","href":"https:\/\/api.w.org\/{rel}","templated":true}]}}