{"id":10726,"date":"2024-05-07T11:23:49","date_gmt":"2024-05-07T09:23:49","guid":{"rendered":"https:\/\/regulastaempfli.eu\/?p=10726"},"modified":"2024-05-07T11:23:51","modified_gmt":"2024-05-07T09:23:51","slug":"regula-staempfli-ueber-rasende-algorithmen-an-den-universitaeten-eine-avant-la-lettre-erklaerung-dazu-was-punkto-proterroristen-demos-an-unseren-unis-passiert-ein-artikel-aus-dem-jahr-2017-fuer-das","status":"publish","type":"post","link":"https:\/\/regulastaempfli.eu\/?p=10726","title":{"rendered":"Regula St\u00e4mpfli \u00fcber rasende Algorithmen an den Universit\u00e4ten. Eine Avant-la-lettre-Erkl\u00e4rung dazu, was punkto ProTerroristen-Demos an unseren Unis passiert. Ein Artikel aus dem Jahr 2017 f\u00fcr das Bulletin der Vereinigung der Schweizer Hochschulstudierenden. &#8220;Fiktion und Algorithmen. Politische Bildung im Wandel.&#8221;"},"content":{"rendered":"\n<p>Auf X\/Twitter kursiert laStaempflis Artikel zur Wandlung der politischen Bildung. Ein wissenschaftlicher Artikel f\u00fcr das Bulletin der Schweizer Hochschulstudierenden, das erstaunlicherweise in die ETH-Bibliothek erst im Mai 2024 aufgenommen wurde &#8211; das Bulletin wurde in der Schweizer Landesbibliothek codiert und aufbewahrt. Hier ein Ausschnitt als prophetische Einsch\u00e4tzung der apolitischen Masse, die sich durch digital aufger\u00fcstete Terroristenpropaganda an westlichen Universit\u00e4ten und in westlichen Medien mobilisieren lassen. Es geht um das Grundthema des philosophischen Paradigmenwechsels von der Aufkl\u00e4rung zu einer automatisch repetierten Codewelt mit neuen Hierarchien. <\/p>\n\n\n\n<figure class=\"wp-block-image size-large\"><a href=\"https:\/\/regulastaempfli.eu\/wp-content\/uploads\/2024\/05\/Bildschirmfoto-2024-05-07-um-11.07.55.png\"><img loading=\"lazy\" decoding=\"async\" width=\"539\" height=\"1024\" src=\"https:\/\/regulastaempfli.eu\/wp-content\/uploads\/2024\/05\/Bildschirmfoto-2024-05-07-um-11.07.55-539x1024.png\" alt=\"\" class=\"wp-image-10728\" srcset=\"https:\/\/regulastaempfli.eu\/wp-content\/uploads\/2024\/05\/Bildschirmfoto-2024-05-07-um-11.07.55-539x1024.png 539w, https:\/\/regulastaempfli.eu\/wp-content\/uploads\/2024\/05\/Bildschirmfoto-2024-05-07-um-11.07.55-158x300.png 158w, https:\/\/regulastaempfli.eu\/wp-content\/uploads\/2024\/05\/Bildschirmfoto-2024-05-07-um-11.07.55.png 622w\" sizes=\"auto, (max-width: 539px) 100vw, 539px\" \/><\/a><figcaption>Ausschnitt aus Artikel von Regula St\u00e4mpfli, Fiktion und Algorithmen. Politische Bildung im Wandel von Regula St\u00e4mpfli. <\/figcaption><\/figure>\n\n\n\n<p>Hier der Link zum Artikel: <a rel=\"noreferrer noopener\" href=\"https:\/\/www.e-periodica.ch\/cntmng?pid=vsh-002%3A2017%3A43%3A%3A239\" target=\"_blank\">https:\/\/www.e-periodica.ch\/cntmng?pid=vsh-002%3A2017%3A43%3A%3A239<\/a><\/p>\n\n\n\n<p>Die Otto-Brenner-Stiftung hat zur Propaganda-Anf\u00e4lligkeit der \u00f6ffentlich-rechtlichen Anstalten einen sehr spannenden Bericht verfasst, der gratis als PDF verf\u00fcgbar ist: <a href=\"https:\/\/www.otto-brenner-stiftung.de\/wissenschaftsportal\/publikationen\/titel\/journalismus-in-sozialen-netzwerken\/aktion\/show\/\" target=\"_blank\" rel=\"noreferrer noopener\">https:\/\/www.otto-brenner-stiftung.de\/wissenschaftsportal\/publikationen\/titel\/journalismus-in-sozialen-netzwerken\/aktion\/show\/<\/a><\/p>\n\n\n\n<figure class=\"wp-block-image size-large\"><a href=\"https:\/\/regulastaempfli.eu\/wp-content\/uploads\/2024\/05\/Bildschirmfoto-2024-05-07-um-11.17.11.png\"><img loading=\"lazy\" decoding=\"async\" width=\"1024\" height=\"729\" src=\"https:\/\/regulastaempfli.eu\/wp-content\/uploads\/2024\/05\/Bildschirmfoto-2024-05-07-um-11.17.11-1024x729.png\" alt=\"\" class=\"wp-image-10731\" srcset=\"https:\/\/regulastaempfli.eu\/wp-content\/uploads\/2024\/05\/Bildschirmfoto-2024-05-07-um-11.17.11-1024x729.png 1024w, https:\/\/regulastaempfli.eu\/wp-content\/uploads\/2024\/05\/Bildschirmfoto-2024-05-07-um-11.17.11-300x214.png 300w, https:\/\/regulastaempfli.eu\/wp-content\/uploads\/2024\/05\/Bildschirmfoto-2024-05-07-um-11.17.11-768x547.png 768w, https:\/\/regulastaempfli.eu\/wp-content\/uploads\/2024\/05\/Bildschirmfoto-2024-05-07-um-11.17.11-1536x1094.png 1536w, https:\/\/regulastaempfli.eu\/wp-content\/uploads\/2024\/05\/Bildschirmfoto-2024-05-07-um-11.17.11-2048x1458.png 2048w, https:\/\/regulastaempfli.eu\/wp-content\/uploads\/2024\/05\/Bildschirmfoto-2024-05-07-um-11.17.11-421x300.png 421w\" sizes=\"auto, (max-width: 1024px) 100vw, 1024px\" \/><\/a><figcaption>Auf dieser Seite kann man das PDF der Otto-Brenner-Stiftung zum &#8220;Journalismus in sozialen Netzwerken&#8221; runterladen. Eine eingehende Lekt\u00fcre empfiehlt sich. <\/figcaption><\/figure>\n\n\n\n<p><\/p>\n","protected":false},"excerpt":{"rendered":"<p>Regula St\u00e4mpfli \u00fcber rasende Algorithmen an den Universit\u00e4ten. Eine Avant-la-lettre-Erkl\u00e4rung dazu, was punkto ProTerroristen-Demos an unseren Unis passiert. Ein Artikel aus dem Jahr 2017 f\u00fcr das Bulletin der Vereinigung der Schweizer Hochschulstudierenden. &#8220;Fiktion und Algorithmen. Politische Bildung im Wandel.&#8221; <a href=\"https:\/\/regulastaempfli.eu\/?p=10726\">Weiterlesen <span class=\"meta-nav\">&rarr;<\/span><\/a><\/p>\n","protected":false},"author":1,"featured_media":10728,"comment_status":"closed","ping_status":"closed","sticky":false,"template":"","format":"standard","meta":{"_s2mail":"","footnotes":""},"categories":[8794,6579,5685,8224,8706,8692,8580,5683,8581,5686,5682,5684],"tags":[9018,9398,9408,9410,5956,8156,5945,4409,5776,9411,9190,9412,9409,9407],"class_list":["post-10726","post","type-post","status-publish","format-standard","has-post-thumbnail","hentry","category-demokratie","category-diepodcastin","category-ad-personam","category-codes","category-hannaharendtlectures-lastaempfli","category-hsg-universitaet-st-gallen","category-ki-ai","category-kolumnen","category-kuenstliche-intelligenz-artificial-intelligence-ki-ai","category-lehre-vortraege","category-literaturblog","category-politik-philosophie-design-it","tag-algorithmen-codes-ki-klima-letztegeneration-fridaysforfuture","tag-berthelsmannexpertinlastaempfli","tag-berufe-gaza-campusprotests-avantlalettre-hannaharendtlectures","tag-bologna-2","tag-digitaldemocracy-trumpism-politphilosophin-staempfli","tag-digitalisierung-2","tag-digitalisierung-demokratie-vermessenleak-noradioshow-politphilosophin-regula-staempfli","tag-digitalrevolution","tag-ki-ai-digitaldemocracy-digital-future-salonpublic-ted","tag-kreditpunktsystem","tag-literatur-2","tag-politischebildung","tag-vseth-science-socialscience-etcspunkte","tag-regula-staempfli-ueber-rasende-algorithmen-an-den-universitaeten-eine-avant-la-lettre-erklaerung-dazu"],"_links":{"self":[{"href":"https:\/\/regulastaempfli.eu\/index.php?rest_route=\/wp\/v2\/posts\/10726","targetHints":{"allow":["GET"]}}],"collection":[{"href":"https:\/\/regulastaempfli.eu\/index.php?rest_route=\/wp\/v2\/posts"}],"about":[{"href":"https:\/\/regulastaempfli.eu\/index.php?rest_route=\/wp\/v2\/types\/post"}],"author":[{"embeddable":true,"href":"https:\/\/regulastaempfli.eu\/index.php?rest_route=\/wp\/v2\/users\/1"}],"replies":[{"embeddable":true,"href":"https:\/\/regulastaempfli.eu\/index.php?rest_route=%2Fwp%2Fv2%2Fcomments&post=10726"}],"version-history":[{"count":7,"href":"https:\/\/regulastaempfli.eu\/index.php?rest_route=\/wp\/v2\/posts\/10726\/revisions"}],"predecessor-version":[{"id":10735,"href":"https:\/\/regulastaempfli.eu\/index.php?rest_route=\/wp\/v2\/posts\/10726\/revisions\/10735"}],"wp:featuredmedia":[{"embeddable":true,"href":"https:\/\/regulastaempfli.eu\/index.php?rest_route=\/wp\/v2\/media\/10728"}],"wp:attachment":[{"href":"https:\/\/regulastaempfli.eu\/index.php?rest_route=%2Fwp%2Fv2%2Fmedia&parent=10726"}],"wp:term":[{"taxonomy":"category","embeddable":true,"href":"https:\/\/regulastaempfli.eu\/index.php?rest_route=%2Fwp%2Fv2%2Fcategories&post=10726"},{"taxonomy":"post_tag","embeddable":true,"href":"https:\/\/regulastaempfli.eu\/index.php?rest_route=%2Fwp%2Fv2%2Ftags&post=10726"}],"curies":[{"name":"wp","href":"https:\/\/api.w.org\/{rel}","templated":true}]}}