{"id":10651,"date":"2024-03-20T14:43:58","date_gmt":"2024-03-20T12:43:58","guid":{"rendered":"https:\/\/regulastaempfli.eu\/?p=10651"},"modified":"2024-03-20T14:44:00","modified_gmt":"2024-03-20T12:44:00","slug":"leben-verboten-oder-und-dennoch-leben-radikalsaekulare-juedische-frauenliteratur-damals-und-heute-regula-staempfli-mit-wichtigen-kultur-und-lesetipps-zum-nahostkonflikt","status":"publish","type":"post","link":"https:\/\/regulastaempfli.eu\/?p=10651","title":{"rendered":"Leben verboten! Oder \u00abUnd dennoch leben\u00bb? Radikals\u00e4kulare j\u00fcdische Frauenliteratur damals und heute. Regula Staempfli mit wichtigen Kultur- und Lesetipps zum Nahostkonflikt."},"content":{"rendered":"\n<p>Bild: Die Keramik stammt von Susi Singer, einer j\u00fcdischen Keramikerin der Wiener Werkst\u00e4tte, die 1955 in Los Angeles starb, nachdem sie sich dort trotz Emigration, eine Karriere hatte aufbauen k\u00f6nnen. Foto: R. St\u00e4mpfli<\/p>\n\n\n\n<figure class=\"wp-block-image size-large\"><a href=\"https:\/\/regulastaempfli.eu\/wp-content\/uploads\/2024\/03\/Bildschirmfoto-2024-03-20-um-12.40.30.png\"><img loading=\"lazy\" decoding=\"async\" width=\"1024\" height=\"583\" src=\"https:\/\/regulastaempfli.eu\/wp-content\/uploads\/2024\/03\/Bildschirmfoto-2024-03-20-um-12.40.30-1024x583.png\" alt=\"Regula St\u00e4mpfli zur Radikals\u00e4kularit\u00e4t der Feministinnen in Israel mit Bild links: Die Keramik stammt von Susi Singer, einer j\u00fcdischen Keramikerin der Wiener Werkst\u00e4tte, die 1955 in Los Angeles starb, nachdem sie sich dort auch eine Karriere hatte aufbauen k\u00f6nnen. Foto: R. St\u00e4mpfli\" class=\"wp-image-10652\" srcset=\"https:\/\/regulastaempfli.eu\/wp-content\/uploads\/2024\/03\/Bildschirmfoto-2024-03-20-um-12.40.30-1024x583.png 1024w, https:\/\/regulastaempfli.eu\/wp-content\/uploads\/2024\/03\/Bildschirmfoto-2024-03-20-um-12.40.30-300x171.png 300w, https:\/\/regulastaempfli.eu\/wp-content\/uploads\/2024\/03\/Bildschirmfoto-2024-03-20-um-12.40.30-768x438.png 768w, https:\/\/regulastaempfli.eu\/wp-content\/uploads\/2024\/03\/Bildschirmfoto-2024-03-20-um-12.40.30-1536x875.png 1536w, https:\/\/regulastaempfli.eu\/wp-content\/uploads\/2024\/03\/Bildschirmfoto-2024-03-20-um-12.40.30-2048x1167.png 2048w, https:\/\/regulastaempfli.eu\/wp-content\/uploads\/2024\/03\/Bildschirmfoto-2024-03-20-um-12.40.30-500x285.png 500w\" sizes=\"auto, (max-width: 1024px) 100vw, 1024px\" \/><\/a><figcaption>REGULA ST\u00c4MPFLI: ESSAY ZUR RADIKALS\u00c4KULAREN FRAUENLITERATUR DAMALS UND HEUTE IM ENSUITE, DEM KULTURMAGAZIN DER SCHWEIZ. <\/figcaption><\/figure>\n\n\n\n<p><em><strong>Von Dr. Regula St\u00e4mpfli \u2014 Unsere Essayistin Regula St\u00e4mpfli wollte \u00abDie Netanjahus\u00bb von Joshua Cohen besprechen, dies sei hiermit getan, denn lesen sollten wir alle die j\u00fcdischen Frauen. Hier zwei Werke radikal-s\u00e4kularer Schriftstellerinnen mit dem Aufruf zur Besinnung und der Aufforderung an unsere Institutionen, die Millionenf\u00f6rderung islamofaschistischer Organisationen zu stoppen.<\/strong><\/em><\/p>\n\n\n\n<p>Die Stadt ist der Sehnsuchtsort all jener, die gleichzeitig Weltenb\u00fcrgerin und j\u00fcdisch sind. Deshalb ist Wien eine j\u00fcdische Stadt mit dem j\u00fcdischen Humor. Dazu eine lustige Begebenheit. Bestellt ein Nazi einen kleinen Braunen, meint der Kellner, das sehe er sofort, er wolle nur wissen, was der Herr denn trinken wolle; also dieses stundenlange Streiten unter Gleichen, Freien und Solidarischen \u2013 das ist Stadt und das ist sehr j\u00fcdisch. Weiterlesen in ENSUITE SIEHE <a href=\"https:\/\/www.ensuite.ch\/leben-verboten-oder-und-dennoch-leben-radikalsaekulare-juedische-frauenliteratur-damals-und-heute\/\" target=\"_blank\" rel=\"noreferrer noopener\">https:\/\/www.ensuite.ch\/leben-verboten-oder-und-dennoch-leben-radikalsaekulare-juedische-frauenliteratur-damals-und-heute\/<\/a><\/p>\n","protected":false},"excerpt":{"rendered":"<p>Leben verboten! Oder \u00abUnd dennoch leben\u00bb? Radikals\u00e4kulare j\u00fcdische Frauenliteratur damals und heute. Regula Staempfli mit wichtigen Kultur- und Lesetipps zum Nahostkonflikt. <a href=\"https:\/\/regulastaempfli.eu\/?p=10651\">Weiterlesen <span class=\"meta-nav\">&rarr;<\/span><\/a><\/p>\n","protected":false},"author":1,"featured_media":10652,"comment_status":"closed","ping_status":"closed","sticky":false,"template":"","format":"standard","meta":{"_s2mail":"","footnotes":""},"categories":[7051,8794,6579,5685,8224,8692,8580,5683,5686,5684,7369],"tags":[9363,9364,9359,9365,9360,8174,9358,9361,9362,9324],"class_list":["post-10651","post","type-post","status-publish","format-standard","has-post-thumbnail","hentry","category-artisapieceofcake","category-demokratie","category-diepodcastin","category-ad-personam","category-codes","category-hsg-universitaet-st-gallen","category-ki-ai","category-kolumnen","category-lehre-vortraege","category-politik-philosophie-design-it","category-ta-swiss-future-podcast","tag-dennochleben-juedinnen-juedischegeschichte","tag-israel-bringthemhomenow","tag-nahosthamasterror","tag-postkolonialerbullshit-judithbutler","tag-queerforhamas","tag-sprechakte-2","tag-leben-verboten-oder-und-dennoch-leben-radikalsaekulare-juedische-frauenliteratur-damals-und-heute-regula-staempfli-mit-wichtigen-kultur-und-lesetipps-zum-nahostkonflikt","tag-maria-lazar","tag-simone-veil","tag-simone-veil-einlebenfuereuropa"],"_links":{"self":[{"href":"https:\/\/regulastaempfli.eu\/index.php?rest_route=\/wp\/v2\/posts\/10651","targetHints":{"allow":["GET"]}}],"collection":[{"href":"https:\/\/regulastaempfli.eu\/index.php?rest_route=\/wp\/v2\/posts"}],"about":[{"href":"https:\/\/regulastaempfli.eu\/index.php?rest_route=\/wp\/v2\/types\/post"}],"author":[{"embeddable":true,"href":"https:\/\/regulastaempfli.eu\/index.php?rest_route=\/wp\/v2\/users\/1"}],"replies":[{"embeddable":true,"href":"https:\/\/regulastaempfli.eu\/index.php?rest_route=%2Fwp%2Fv2%2Fcomments&post=10651"}],"version-history":[{"count":4,"href":"https:\/\/regulastaempfli.eu\/index.php?rest_route=\/wp\/v2\/posts\/10651\/revisions"}],"predecessor-version":[{"id":10656,"href":"https:\/\/regulastaempfli.eu\/index.php?rest_route=\/wp\/v2\/posts\/10651\/revisions\/10656"}],"wp:featuredmedia":[{"embeddable":true,"href":"https:\/\/regulastaempfli.eu\/index.php?rest_route=\/wp\/v2\/media\/10652"}],"wp:attachment":[{"href":"https:\/\/regulastaempfli.eu\/index.php?rest_route=%2Fwp%2Fv2%2Fmedia&parent=10651"}],"wp:term":[{"taxonomy":"category","embeddable":true,"href":"https:\/\/regulastaempfli.eu\/index.php?rest_route=%2Fwp%2Fv2%2Fcategories&post=10651"},{"taxonomy":"post_tag","embeddable":true,"href":"https:\/\/regulastaempfli.eu\/index.php?rest_route=%2Fwp%2Fv2%2Ftags&post=10651"}],"curies":[{"name":"wp","href":"https:\/\/api.w.org\/{rel}","templated":true}]}}