{"id":10602,"date":"2024-03-02T13:45:16","date_gmt":"2024-03-02T11:45:16","guid":{"rendered":"https:\/\/regulastaempfli.eu\/?p=10602"},"modified":"2024-03-02T13:45:18","modified_gmt":"2024-03-02T11:45:18","slug":"die-podcastin-regula-staempfli-und-isabel-rohner-im-polit-medialen-wochenrueckblick-vom-25-februar-2024-maennergesetze-legalisierung-cannabis-sexarbeit-klage-kinskis-gegen-ndr-literaturska","status":"publish","type":"post","link":"https:\/\/regulastaempfli.eu\/?p=10602","title":{"rendered":"Die Podcastin: Regula St\u00e4mpfli und Isabel Rohner im polit-medialen Wochenr\u00fcckblick vom 25. Februar 2024. M\u00e4nnergesetze? Legalisierung Cannabis &#038; &#8220;Sexarbeit&#8221;. Klage Kinskis gegen NDR, Literaturskandal &#038; Morddrohungen gegen Ronya Othmann durch politische Diffamierung in Pakistan."},"content":{"rendered":"\n<p><a href=\"http:\/\/www.diepodcastin.de\">www.diepodcastin.de<\/a><\/p>\n\n\n\n<p>Folge 190 der DIE PODCASTIN, ISABEL ROHNER &amp; REGULA ST\u00c4MPFLI ERKL\u00c4REN DIE WELT:  <a rel=\"noreferrer noopener\" href=\"https:\/\/diepodcastin.de\/2024\/02\/25\/diepodcastin-demokratisch-isabel-rohner-regula-stampfli-mit-einem-fulminanten-pladoyer-fur-frauen-madchen-kinder-mit-marlies-hesse-mashi-alinejad-nastassja-kinski-ronya-othmann\/\" target=\"_blank\">https:\/\/diepodcastin.de\/2024\/02\/25\/diepodcastin-demokratisch-isabel-rohner-regula-stampfli-mit-einem-fulminanten-pladoyer-fur-frauen-madchen-kinder-mit-marlies-hesse-mashi-alinejad-nastassja-kinski-ronya-othmann\/<\/a><\/p>\n\n\n\n<figure class=\"wp-block-image size-large\"><a href=\"https:\/\/regulastaempfli.eu\/wp-content\/uploads\/2024\/03\/IMG_4905-scaled.jpg\"><img loading=\"lazy\" decoding=\"async\" width=\"768\" height=\"1024\" src=\"https:\/\/regulastaempfli.eu\/wp-content\/uploads\/2024\/03\/IMG_4905-768x1024.jpg\" alt=\"\" class=\"wp-image-10605\" srcset=\"https:\/\/regulastaempfli.eu\/wp-content\/uploads\/2024\/03\/IMG_4905-768x1024.jpg 768w, https:\/\/regulastaempfli.eu\/wp-content\/uploads\/2024\/03\/IMG_4905-225x300.jpg 225w, https:\/\/regulastaempfli.eu\/wp-content\/uploads\/2024\/03\/IMG_4905-1152x1536.jpg 1152w, https:\/\/regulastaempfli.eu\/wp-content\/uploads\/2024\/03\/IMG_4905-1536x2048.jpg 1536w, https:\/\/regulastaempfli.eu\/wp-content\/uploads\/2024\/03\/IMG_4905-scaled.jpg 1920w\" sizes=\"auto, (max-width: 768px) 100vw, 768px\" \/><\/a><figcaption><strong>Foto zeigt das Werk \u201eGivers\u201c von Katarina Janeckova Walshe, fotografiert von Isabel Rohner in der Berliner Ausstellung \u201eThe Bad Mother\u201c, 2024<\/strong>.<\/figcaption><\/figure>\n\n\n\n<p><em><strong>#DiePodcastin demokratisch: Isabel Rohner &amp; Regula St\u00e4mpfli verteidigen Frauen und M\u00e4dchen in der Demokratie; Cannabis, Prostitution Gesetze &amp; deren direkte FrauenM\u00e4dchenKinderwirkung. Sie gedenken Marlies Hesse, ehren Nastassja Kinski &amp; ihre Klage gegen den NDR, ehren Mashi Alinejad an der M\u00fcnchner Sicherheitskonferenz &amp; ehren Ronya Othmann. Die Podcastin verurteilt die #Berlinale2024.\u00a0<\/strong><\/em><\/p>\n\n\n\n<p><em><strong>\u201cMedienpr\u00e4senz ist nicht zwangsl\u00e4ufig ein Zeichen f\u00fcr Erfolg. Oftmals ist sie nur die Illusion von Erfolg.\u201d Marlies Hesse (1935-2024).<\/strong>&nbsp;<\/em>Isabel Rohner erinnert an die Journalistin, Netzwerkerkin und ihre Mentorin und Freundin Marlies Hesse, die letzte Woche gestorben ist. 2019 hat Hesse \u2013 in den 1960er Jahren die erste Frau in einer F\u00fchrungsposition beim Deutschlandfunkt \u2013 der TAZ ein Interview zu ihrem Leben gegeben:&nbsp;<a href=\"https:\/\/taz.de\/Frauen-im-Journalismus\/!5576220\/\">https:\/\/taz.de\/Frauen-im-Journalismus\/!5576220\/<\/a><\/p>\n\n\n\n<p><strong>laStaempfli bringt #MediaToo #Metoo aus ihrer Jugend<\/strong>:&nbsp;\u00abReifezeugnis\u00bb gilt als Klassiker unter den Tatort-Folgen. Das Unbehagen war bei vielen Teenager-M\u00e4dchen im Jahr 1977 schon da. Ihre V\u00e4ter, Br\u00fcder und Mitsch\u00fcler bewunderten die damals nackte, 15-j\u00e4hrige Sch\u00f6nheit der umwerfenden&nbsp;<strong>Nastassja Kinski<\/strong>. Der Regisseur (<strong>Wolfgang Petersen<\/strong>) konnte mit der Kamera nicht nicht genug kriegen vom M\u00e4dchenk\u00f6rper, der laut Geschichte den Lehrer verf\u00fchrte und dann vom Ex-Freund missbraucht wird. 1977 war Nastassja Kinski nicht 17-j\u00e4hrig wie im Film, sondern nur 15. Sie war ohne Begleitung am Set, die Szenen wurden ohne rechtswirksame Einwilligung der Minderj\u00e4hrigen gedreht. Die heute 63-j\u00e4hrige Kinski beantragt deshalb \u00fcber den deutschen Medienanwalt&nbsp;<strong>Christian Schertz<\/strong>&nbsp;die Entfernung der Nacktszenen aus dem Tatort von damals. Beachtenswert ist die Argumentation des Medienanwalts: \u00abIn Zeiten, in denen der \u00f6ffentlich-rechtliche Rundfunk schon Warnhinweise wegen vermeintlicher rassistisch oder sexistischer Waalkes-Auftritten einbaut, ist es mir unverst\u00e4ndlich, warum Nacktszenen mit einer Minderj\u00e4hrigen einfach immer wieder gesendet werden.\u00bb siehe dazu Artikel in Klein Report&nbsp;<a href=\"https:\/\/kleinreport.ch\/news\/kindsmissbrauch-bei-tatort-103638\/\">https:\/\/kleinreport.ch\/news\/kindsmissbrauch-bei-tatort-103638\/<\/a><strong>Die Rohnerin bringt Masih Alinejad, K\u00e4mpferin f\u00fcr Frauen- und M\u00e4dchenrechte im Iran, hatte am 17. Februar 2024 einen starken Auftritt auf der M\u00fcnchner Sicherheitskonferenz. I<\/strong>hr Appell: Die Geschlechterapartheidsregime im Iran und in Afghanistan m\u00fcssen mit aller Kraft international bek\u00e4mpft werden! \u201cWhat happens in Vegas stays in Vegas \u2013 but what happens in the Middle East will not stay in the Middle East. It will infact the rest of the world.\u201d Nur drei Tage sp\u00e4ter, am 20. Februar 2024, hat der UN-Generalsekret\u00e4r Antonio Guterres die Dreistigkeit, die Taliban \u00f6ffentlich f\u00fcr die \u201cgro\u00dfen Fortschritte in punkto Sicherheit\u201d zu loben \u2013 kein Wort von ihm zu den Frauen und M\u00e4dchen, denen seit \u00fcber 800 unendlich langen Tagen jedes Recht auf Bildung, Selbstbestimmung, Mobili\u00e4t, Unabh\u00e4ngigkeit und Sichtbarkeit genommen ist. Die Podcastin fordert seinen sofortigen R\u00fccktritt.<\/p>\n\n\n\n<p><strong>Verbrechen Kunstszene, erz\u00e4hlt f\u00fcr #diepodcastin von laStaempfli:<\/strong>&nbsp;Ronya Othmanns neues Buch&nbsp;<strong>Vierundsiebzig<\/strong>&nbsp;\u2013 es soll am 12. M\u00e4rz 2024 herauskommen handelt vom Genozid an der jezidischen Bev\u00f6lkerung, den vierundsiebzigsten, ver\u00fcbt 2014 von den K\u00e4mpfern des IS. Die Autorin legt ein \u201eZeitzeugnis von internationaler Relevanz ab.\u201c 2020 hatte sie einen Roman \u201eDie Sommer\u201c geschrieben, der bei Hanser erschieden ist und von einer jesidischst\u00e4mmigen Deutschen erz\u00e4hlt. Was passiert im Februar 2024? Sie wurde f\u00fcr das Literaturfestival vom Goethe Institut in Pakistan eingeladen, kaum gelandet, musste sie fliehen. Denn w\u00e4hrend sie im Flugzeug sass, hatte sich unter der \u00c4gide einer linken&nbsp; postkolonialen Hetzerin Prof. Claire Chambers der University of York eine lebensbedrohliche Situation f\u00fcr Othmann in Pakistan entwickelt.&nbsp;<strong>Chambers denunzierte und verleumdete Ronya Othmann als \u201cZionistin\u201d, was in Pakistan einem Todesurteil gleichkommt.&nbsp;<a href=\"https:\/\/www.deutschlandfunkkultur.de\/strike-on-germany-literaturfestival-in-pakistan-laedt-autorin-ronya-othmann-aus-dlf-kultur-591dd00d-100.html\">https:\/\/www.deutschlandfunkkultur.de\/strike-on-germany-literaturfestival-in-pakistan-laedt-autorin-ronya-othmann-aus-dlf-kultur-591dd00d-100.html<\/a>&nbsp;laStaempfli fordert vehement Aufarbeitung dieses Verbrechens und nicht die \u00fcbliche Skandalberichterstattung.&nbsp;<\/strong>Es sollen K\u00f6pfe rollen. In der deutschen Kulturszene wird die antisemitische Struktur der \u201cdocumenta 15\u201d aus dem Jahr 2022 wieder und wieder verfestigt. Dies zeigte auch die unterirdische Schlussfeier der \u201cBerlinale 2024.\u201d<strong>Die Rohnerin in feministischer, intellektueller und politikwissenschaftlicher Hochform: Was bedeutet es, feministisch auf die Welt zu schauen? Was bedeutet es, Politik feministisch zu beurteilen? #diepodcastin diskutiert:&nbsp;<\/strong>1)&nbsp;<strong>Immer fragen: Was bedeutet ein Gesetz f\u00fcr M\u00e4dchen und Frauen?<\/strong>&nbsp;Beispiel Cannabis-Legalisierung (am 23.2. vom Bundestag beschlossen). Das Statistische Bundesamt hat Zahlen f\u00fcr den Cannabis-Konsum von jungen Frauen und M\u00e4nnern von 18-25 Jahren vorgelegt. Das ist die Zeit, in der das Gehirn noch w\u00e4chst. Bei den jungen Frauen gibt fast jede F\u00fcnfte (19,9%) an, 2021 mindestens einmal Cannabis konsumiert zu haben \u2013 bei den jungen M\u00e4nnern ist es fast jeder Dritte (29,6 %)! Mit Blick auf Auswirkungen auf die Verkehrst\u00fcchtigkeit und auf die Enthemmung l\u00e4sst dieses Ungleichgewicht weitere Folgen f\u00fcr M\u00e4dchen und Frauen erwarten. Diese wurden im Gesetzgebungsprozess in keiner Weise untersucht oder miteinbezogen. Die Cannabis-Legalisierung ist also ein M\u00e4nnergesetz. M\u00e4nner werden davon mehr profitieren als Frauen \u2013 und die Auswirkungen auf Frauen wird negativer sein.Das Gesetz ist \u00fcbrigens dank eines rechtlichen Kniffs (keine Aussage zu Grenzwerten f\u00fcr die Verkehrst\u00fcchtigkeit) in der L\u00e4nderkammer nicht zustimmungspflichtig. Dennoch hat der Bundesrat die M\u00f6glichkeit, einen&nbsp;Vermittlungsausschuss einzuberufen. Dies sollte dringend geschehen.2)&nbsp;<strong>Immer fragen: Was ist Ank\u00fcndigungspolitik, was Handlungspolitik?&nbsp;<\/strong>Am 23.2. fand die 1. Lesung des CDU\/CSU-Antrags \u201cMenschenunw\u00fcrdige Zust\u00e4nde in der Postituton beenden \u2013 Sexkauf bestrafen\u201d statt \u2013 mit mehreren sehr guten Reden von Unionsabgeordneten. ABER: Ein Oppositionsantrag wird nat\u00fcrlich nicht durchgehen, hat eher die Funktion, die Ampel zu kritisieren und zu treiben.&nbsp;Die Rohnerin stellt klar fest: Ob es die Union wirklich ernst meint mit ihrer Forderung nach Einf\u00fchrung des Nordischen Modells werden wir am konkreten Handeln sehen. 1. Das Thema muss ins Grundsatzprogramm der CDU! Dieses wird aktuell erarbeitet \u2013 doch im vorliegenden Entwurf gibt es keinerlei \u00c4u\u00dferung dazu. 2. Die Unionsfraktion im Deutschen Bundestag hat die M\u00f6glichkeit, eine Normenkontrollklage beim Bundesverfassungsgericht zu erwirken und das geltende frauenverachtende Prostitutionsgesetz \u00fcberpr\u00fcfen zu lassen. Das w\u00e4re konkretes Handeln. Wir sind gespannt.<\/p>\n\n\n\n<p>laStaempfli bringt kurz die neuste Studie zu den Hollywoodfilmen, die zeigt, dass Netflix Fortschritte macht punkto Frauenheldinnen, aber ansonsten Frauen auf dem Stand von 2010 bleiben, siehe&nbsp;<a href=\"https:\/\/annenberg.usc.edu\/news\/research-and-impact\/2023-was-historic-low-women-leadsco-leads-top-films\">https:\/\/annenberg.usc.edu\/news\/research-and-impact\/2023-was-historic-low-women-leadsco-leads-top-films<\/a><\/p>\n\n\n\n<p><strong>Foto zeigt das Werk \u201eGivers\u201c von Katarina Janeckova Walshe, fotografiert von Isabel Rohner in der Berliner Ausstellung \u201eThe Bad Mother\u201c, 2024<\/strong><\/p>\n","protected":false},"excerpt":{"rendered":"<p>Die Podcastin: Regula St\u00e4mpfli und Isabel Rohner im polit-medialen Wochenr\u00fcckblick vom 25. Februar 2024. M\u00e4nnergesetze? Legalisierung Cannabis &#038; &#8220;Sexarbeit&#8221;. Klage Kinskis gegen NDR, Literaturskandal &#038; Morddrohungen gegen Ronya Othmann durch politische Diffamierung in Pakistan. <a href=\"https:\/\/regulastaempfli.eu\/?p=10602\">Weiterlesen <span class=\"meta-nav\">&rarr;<\/span><\/a><\/p>\n","protected":false},"author":1,"featured_media":10605,"comment_status":"closed","ping_status":"closed","sticky":false,"template":"","format":"standard","meta":{"_s2mail":"","footnotes":""},"categories":[8794,6579,5685,8580,5683,5686,5684],"tags":[9310,9309,9307,8060,9312,9311,9308,8053,9306,9303,7654,9304,9305,9301,9302],"class_list":["post-10602","post","type-post","status-publish","format-standard","has-post-thumbnail","hentry","category-demokratie","category-diepodcastin","category-ad-personam","category-ki-ai","category-kolumnen","category-lehre-vortraege","category-politik-philosophie-design-it","tag-demokratie-digialisierung","tag-feministisch","tag-maennergesetze","tag-podcasterlastaempfli","tag-podcasterofinstagram","tag-podcasterrohnerin","tag-sexarbeitpatriarchat","tag-spotify-2","tag-9306","tag-die-podcastin-regula-staempfli-und-isabel-rohner-im-polit-medialen-wochenrueckblick-vom-25-februar-2024-legalisierung-cannabis","tag-digitale-punktsysteme","tag-foto-zeigt-das-werk-givers-von-katarina-janeckova-walshe","tag-fotografiert-von-isabel-rohner-in-der-berliner-ausstellung-the-bad-mother","tag-klage-kinskis-gegen-ndr","tag-prostitutionsgesetze"],"_links":{"self":[{"href":"https:\/\/regulastaempfli.eu\/index.php?rest_route=\/wp\/v2\/posts\/10602","targetHints":{"allow":["GET"]}}],"collection":[{"href":"https:\/\/regulastaempfli.eu\/index.php?rest_route=\/wp\/v2\/posts"}],"about":[{"href":"https:\/\/regulastaempfli.eu\/index.php?rest_route=\/wp\/v2\/types\/post"}],"author":[{"embeddable":true,"href":"https:\/\/regulastaempfli.eu\/index.php?rest_route=\/wp\/v2\/users\/1"}],"replies":[{"embeddable":true,"href":"https:\/\/regulastaempfli.eu\/index.php?rest_route=%2Fwp%2Fv2%2Fcomments&post=10602"}],"version-history":[{"count":8,"href":"https:\/\/regulastaempfli.eu\/index.php?rest_route=\/wp\/v2\/posts\/10602\/revisions"}],"predecessor-version":[{"id":10611,"href":"https:\/\/regulastaempfli.eu\/index.php?rest_route=\/wp\/v2\/posts\/10602\/revisions\/10611"}],"wp:featuredmedia":[{"embeddable":true,"href":"https:\/\/regulastaempfli.eu\/index.php?rest_route=\/wp\/v2\/media\/10605"}],"wp:attachment":[{"href":"https:\/\/regulastaempfli.eu\/index.php?rest_route=%2Fwp%2Fv2%2Fmedia&parent=10602"}],"wp:term":[{"taxonomy":"category","embeddable":true,"href":"https:\/\/regulastaempfli.eu\/index.php?rest_route=%2Fwp%2Fv2%2Fcategories&post=10602"},{"taxonomy":"post_tag","embeddable":true,"href":"https:\/\/regulastaempfli.eu\/index.php?rest_route=%2Fwp%2Fv2%2Ftags&post=10602"}],"curies":[{"name":"wp","href":"https:\/\/api.w.org\/{rel}","templated":true}]}}