{"id":10119,"date":"2023-06-23T14:12:06","date_gmt":"2023-06-23T12:12:06","guid":{"rendered":"https:\/\/regulastaempfli.eu\/?p=10119"},"modified":"2023-06-23T14:12:18","modified_gmt":"2023-06-23T12:12:18","slug":"resilienz-in-einer-vernetzten-welt-regula-staempflis-thesen-zum-swiss-telecommunication-summit-asut-27-juni-2023","status":"publish","type":"post","link":"https:\/\/regulastaempfli.eu\/?p=10119","title":{"rendered":"Resilienz in einer vernetzten Welt: Regula St\u00e4mpflis Thesen zum &#8220;Swiss Telecommunication Summit&#8221; &#8211; asut: 27. Juni 2023"},"content":{"rendered":"\n<p>Zur politischen und gesellschaftlichen Auslegeordnung der Resilienz wird PD Dr. Regula St\u00e4mpfli, #HannahArendtLectures HSG an der Tagung und am Podium unter demselben Titel im Kursaal Bern teilnehmen. F\u00fcr alle, die sich noch nicht angemeldet haben und die vielleicht dar\u00fcber schreiben wollen, hier zehn Thesen zur Resilienz. <\/p>\n\n\n\n<ol class=\"wp-block-list\"><li>Resilienz in einer vernetzten Welt erfordert eine ganzheitliche Betrachtung von Wirtschaft, Gesellschaft und Technologie, um auf die H\u00e4ufung von Krisen angemessen reagieren zu k\u00f6nnen.<\/li><li>Die St\u00e4rkung der Resilienz der Schweiz erfordert eine enge Zusammenarbeit zwischen der ICT-Branche, der Politik, der Gesellschaft und den Wissensinstitutionen.<\/li><li>Die Vernetzung und digitale Transformation schaffen neue Herausforderungen f\u00fcr die Resilienz, da sie zus\u00e4tzliche Abh\u00e4ngigkeiten und potenzielle Schwachstellen mit sich bringen: Soziale Medien sind auf ihre demokratische Resilienz nicht nur zu pr\u00fcfen, sondern auch zu transformieren. <\/li><li>Die ICT-Branche steht in westlichen Demokratien vor spezifischen Herausforderungen: Dazu geh\u00f6ren nicht nur technische und infrastrukturelle Stabilit\u00e4t (Strom, Lieferketten, Access), sondern demokratische, gemeinschaftliche und kooperative Resilienz bei Krisen. <\/li><li>Resilienz in einer vernetzten Welt erfordert eine kontinuierliche \u00dcberpr\u00fcfung und Anpassung von Sicherheitsma\u00dfnahmen, um den sich st\u00e4ndig \u00e4ndernden demokratischen und technischen Bedrohungen zu stellen.<\/li><li>Eine resiliente demokratische Struktur auch innerhalb der ICT-Branche und deren vernetzte Infrastrukturen sind entscheidend f\u00fcr die Bew\u00e4ltigung von Krisen wie Energiekrisen, Klimawandel und Pandemien.<\/li><li>Die Resilienz in einer vernetzten Welt erfordert technologische, demokratische, kulturelle Vielfalt, dass bei Krisen nicht eine Stelle hierarchisch alle Systeme lahm legen kann. <\/li><li>Demokratische \u00d6ffentlichkeit ist der Angelpunkt f\u00fcr resiliente technologische und gesellschaftlich hoch entwickelte Systeme: Der Sinn von Technologie ist immer wieder DEMOKRATISCH zu hinterfragen.<\/li><li>Die Nutzung von Technologien wie k\u00fcnstlicher Intelligenz und Big Data Analytics kann die Resilienz in einer vernetzten Welt verbessern, indem sie fr\u00fchzeitige Warnsysteme und effektive Entscheidungsunterst\u00fctzung erm\u00f6glichen. Es ist dabei zu achten, dass auf der Ebene der Codierung, Programmierung und Systemleistungen keine Demokratiel\u00f6cher eingebaut werden, sprich: Schon auf der Ebene der Konzeption m\u00fcssen resiliente Systeme VIELF\u00c4LTIG  sein. <\/li><li>Resilienz in einer vernetzten Welt erfordert eine ausgewogene Balance zwischen Offenheit und Sicherheit, um sowohl die Vorteile der Vernetzung zu nutzen als auch m\u00f6gliche Risiken zu minimieren.<\/li><\/ol>\n\n\n\n<figure class=\"wp-block-image size-large\"><a href=\"https:\/\/regulastaempfli.eu\/wp-content\/uploads\/2023\/06\/Bildschirmfoto-2023-06-23-um-12.08.03.png\"><img loading=\"lazy\" decoding=\"async\" width=\"724\" height=\"584\" src=\"https:\/\/regulastaempfli.eu\/wp-content\/uploads\/2023\/06\/Bildschirmfoto-2023-06-23-um-12.08.03.png\" alt=\"Resilienz in einer hochtechnologisierten Demokratie: Auslegeordnung. Podium mit Bernhard Brechb\u00fchl, Gesch\u00e4ftsf\u00fchrer 20 Minuten, Werner Salzmann St\u00e4nderat SVP, Christoph Zulauf CEO EBP Schweiz AG und Regula St\u00e4mpfli, Politphilosophin, Bestsellerautorin und Podcaster.\" class=\"wp-image-10123\" srcset=\"https:\/\/regulastaempfli.eu\/wp-content\/uploads\/2023\/06\/Bildschirmfoto-2023-06-23-um-12.08.03.png 724w, https:\/\/regulastaempfli.eu\/wp-content\/uploads\/2023\/06\/Bildschirmfoto-2023-06-23-um-12.08.03-300x242.png 300w, https:\/\/regulastaempfli.eu\/wp-content\/uploads\/2023\/06\/Bildschirmfoto-2023-06-23-um-12.08.03-372x300.png 372w\" sizes=\"auto, (max-width: 724px) 100vw, 724px\" \/><\/a><figcaption>Resilienz in einer hochtechnologisierten Demokratie: Auslegeordnung. Podium mit Bernhard Brechb\u00fchl, Gesch\u00e4ftsf\u00fchrer 20 Minuten, Werner Salzmann St\u00e4nderat SVP, Christoph Zulauf CEO EBP Schweiz AG und Regula St\u00e4mpfli, Politphilosophin, Bestsellerautorin und Podcaster.<\/figcaption><\/figure>\n","protected":false},"excerpt":{"rendered":"<p>Zur politischen und gesellschaftlichen Auslegeordnung der Resilienz wird PD Dr. Regula St\u00e4mpfli, #HannahArendtLectures HSG an der Tagung und am Podium unter demselben Titel im Kursaal Bern teilnehmen. F\u00fcr alle, die sich noch nicht angemeldet haben und die vielleicht dar\u00fcber schreiben &hellip; <a href=\"https:\/\/regulastaempfli.eu\/?p=10119\">Weiterlesen <span class=\"meta-nav\">&rarr;<\/span><\/a><\/p>\n","protected":false},"author":1,"featured_media":10123,"comment_status":"closed","ping_status":"closed","sticky":false,"template":"","format":"standard","meta":{"_s2mail":"","footnotes":""},"categories":[8794,6579,5685,8692,8580,5683,8581,5686,5682,8275,5684,7369],"tags":[8156,8014,8963,8960,8959,99,8961,8962],"class_list":["post-10119","post","type-post","status-publish","format-standard","has-post-thumbnail","hentry","category-demokratie","category-diepodcastin","category-ad-personam","category-hsg-universitaet-st-gallen","category-ki-ai","category-kolumnen","category-kuenstliche-intelligenz-artificial-intelligence-ki-ai","category-lehre-vortraege","category-literaturblog","category-nzz","category-politik-philosophie-design-it","category-ta-swiss-future-podcast","tag-digitalisierung-2","tag-hannaharendtlectures","tag-bestsellerautorin-und-podcaster-resilienz-in-einer-vernetzten-welt-regula-staempflis-thesen-zum-swiss-telecommunication-summit-asut-27-juni-2023","tag-christoph-zulauf-ceo-ebp-schweiz-ag-und-regula-staempfli","tag-geschaeftsfuehrer-20-minuten","tag-politphilosophin","tag-resilienz-in-einer-hochtechnologisierten-demokratie-auslegeordnung-podium-mit-bernhard-brechbuehl","tag-werner-salzmann-staenderat-svp"],"_links":{"self":[{"href":"https:\/\/regulastaempfli.eu\/index.php?rest_route=\/wp\/v2\/posts\/10119","targetHints":{"allow":["GET"]}}],"collection":[{"href":"https:\/\/regulastaempfli.eu\/index.php?rest_route=\/wp\/v2\/posts"}],"about":[{"href":"https:\/\/regulastaempfli.eu\/index.php?rest_route=\/wp\/v2\/types\/post"}],"author":[{"embeddable":true,"href":"https:\/\/regulastaempfli.eu\/index.php?rest_route=\/wp\/v2\/users\/1"}],"replies":[{"embeddable":true,"href":"https:\/\/regulastaempfli.eu\/index.php?rest_route=%2Fwp%2Fv2%2Fcomments&post=10119"}],"version-history":[{"count":5,"href":"https:\/\/regulastaempfli.eu\/index.php?rest_route=\/wp\/v2\/posts\/10119\/revisions"}],"predecessor-version":[{"id":10125,"href":"https:\/\/regulastaempfli.eu\/index.php?rest_route=\/wp\/v2\/posts\/10119\/revisions\/10125"}],"wp:featuredmedia":[{"embeddable":true,"href":"https:\/\/regulastaempfli.eu\/index.php?rest_route=\/wp\/v2\/media\/10123"}],"wp:attachment":[{"href":"https:\/\/regulastaempfli.eu\/index.php?rest_route=%2Fwp%2Fv2%2Fmedia&parent=10119"}],"wp:term":[{"taxonomy":"category","embeddable":true,"href":"https:\/\/regulastaempfli.eu\/index.php?rest_route=%2Fwp%2Fv2%2Fcategories&post=10119"},{"taxonomy":"post_tag","embeddable":true,"href":"https:\/\/regulastaempfli.eu\/index.php?rest_route=%2Fwp%2Fv2%2Ftags&post=10119"}],"curies":[{"name":"wp","href":"https:\/\/api.w.org\/{rel}","templated":true}]}}